{"id":162,"date":"2022-08-15T06:53:00","date_gmt":"2022-08-15T06:53:00","guid":{"rendered":"https:\/\/rad.asvi.at\/?p=162"},"modified":"2023-04-04T15:17:08","modified_gmt":"2023-04-04T15:17:08","slug":"vereinsausfahrt-samstag-20-august-2022","status":"publish","type":"post","link":"https:\/\/rad.asvi.at\/?p=162","title":{"rendered":"Vereinsausfahrt SAMSTAG 20. August 2022"},"content":{"rendered":"\n<p>Liebe Radsportfreunde!<\/p>\n\n\n\n<p>Laut Jahreskalender findet am\u00a0<strong>Samstag<\/strong>\u00a0den\u00a0<strong>20. August 2022<\/strong>\u00a0unsere n\u00e4chste gemeinsame Vereinsausfahrt statt.<br><strong>Treffpunkt<\/strong>\u00a0ist um\u00a0<strong>8 Uhr<\/strong>\u00a0beim\u00a0<strong>Schwimmbad in Inzing<\/strong>.<br>Anfahrt mit dem Auto nach Wallgau \u2013 Parkplatz Richtung Walchensee.<br>Abfahrt mit dem Rennrad ist um 9 Uhr von Wallgau.<br><strong><em>Strecke: Wallgau \u2013 Kochel am See \u2013 Bad T\u00f6lz \u2013 Jachenau \u2013 Walchensee \u2013 Wallgau<\/em><\/strong><br>Es ist landschaftlich eine sehr sch\u00f6ne Radtour f\u00fcr jede und jedem machbar.<br>L\u00e4nge ca.<strong>\u00a090 KM<\/strong>\u00a0mit ca.\u00a0<strong>750 HM<\/strong><br>Bitte um Anmeldung wegen der Mitfahrgelegenheit.<br>Tel.<strong>\u00a005238 88088<\/strong>\u00a0oder\u00a0<strong>bernhardkircher@hotmail.com<\/strong><br>Wir hoffen auf zahlreiche Beteiligung und freuen uns auf die gemeinsame Vereinsausfahrt.<\/p>\n\n\n\n<p>Mit sportlichen Gr\u00fc\u00dfen<\/p>\n\n\n\n<p>Irmgard und Bernhard<\/p>\n\n\n\n<p>PS. Unser Verein nimmt an der Veranstaltung TIROL RADELT teil.<br>Wer sich noch nicht angemeldet hat, bitte noch anmelden.<br>Die APP TIROL RADELT einfach auf das Handy laden und den Verein ASV INZING + Kilometer eingeben.<\/p>\n","protected":false},"excerpt":{"rendered":"<p>Liebe Radsportfreunde! Laut Jahreskalender findet am\u00a0Samstag\u00a0den\u00a020. August 2022\u00a0unsere n\u00e4chste gemeinsame Vereinsausfahrt statt.Treffpunkt\u00a0ist um\u00a08 Uhr\u00a0beim\u00a0Schwimmbad in Inzing.Anfahrt mit dem Auto nach Wallgau \u2013 Parkplatz Richtung Walchensee.Abfahrt mit dem Rennrad ist um 9 Uhr von Wallgau.Strecke: Wallgau \u2013 Kochel am See \u2013 Bad T\u00f6lz \u2013 Jachenau \u2013 Walchensee \u2013 WallgauEs ist landschaftlich eine sehr sch\u00f6ne Radtour f\u00fcr&hellip;&nbsp;<a href=\"https:\/\/rad.asvi.at\/?p=162\" class=\"\" rel=\"bookmark\">Weiterlesen &raquo;<span class=\"screen-reader-text\">Vereinsausfahrt SAMSTAG 20. August 2022<\/span><\/a><\/p>\n","protected":false},"author":2,"featured_media":0,"comment_status":"closed","ping_status":"closed","sticky":false,"template":"","format":"standard","meta":{"neve_meta_sidebar":"","neve_meta_container":"","neve_meta_enable_content_width":"","neve_meta_content_width":0,"neve_meta_title_alignment":"","neve_meta_author_avatar":"","neve_post_elements_order":"","neve_meta_disable_header":"","neve_meta_disable_footer":"","neve_meta_disable_title":"","footnotes":""},"categories":[9,10],"tags":[],"class_list":["post-162","post","type-post","status-publish","format-standard","hentry","category-allgemein","category-hobbysport"],"featured_image_urls":{"full":"","thumbnail":"","medium":"","medium_large":"","large":"","xl":"","xxl":"","xxxl":"","xxxxl":"","xxxxxl":"","1536x1536":"","2048x2048":"","neve-blog":""},"post_excerpt_stackable":"<p>Liebe Radsportfreunde! Laut Jahreskalender findet am\u00a0Samstag\u00a0den\u00a020. August 2022\u00a0unsere n\u00e4chste gemeinsame Vereinsausfahrt statt.Treffpunkt\u00a0ist um\u00a08 Uhr\u00a0beim\u00a0Schwimmbad in Inzing.Anfahrt mit dem Auto nach Wallgau \u2013 Parkplatz Richtung Walchensee.Abfahrt mit dem Rennrad ist um 9 Uhr von Wallgau.Strecke: Wallgau \u2013 Kochel am See \u2013 Bad T\u00f6lz \u2013 Jachenau \u2013 Walchensee \u2013 WallgauEs ist landschaftlich eine sehr sch\u00f6ne Radtour f\u00fcr jede und jedem machbar.L\u00e4nge ca.\u00a090 KM\u00a0mit ca.\u00a0750 HMBitte um Anmeldung wegen der Mitfahrgelegenheit.Tel.\u00a005238 88088\u00a0oder\u00a0bernhardkircher@hotmail.comWir hoffen auf zahlreiche Beteiligung und freuen uns auf die gemeinsame Vereinsausfahrt. Mit sportlichen Gr\u00fc\u00dfen Irmgard und Bernhard PS. Unser Verein nimmt an der Veranstaltung TIROL RADELT teil.Wer sich noch nicht angemeldet&hellip;<\/p>\n","category_list":"<a href=\"https:\/\/rad.asvi.at\/?cat=9\" rel=\"category\">Allgemein<\/a>, <a href=\"https:\/\/rad.asvi.at\/?cat=10\" rel=\"category\">Hobbysport<\/a>","author_info":{"name":"Roman","url":"https:\/\/rad.asvi.at\/?author=2"},"comments_num":"0 comments","_links":{"self":[{"href":"https:\/\/rad.asvi.at\/index.php?rest_route=\/wp\/v2\/posts\/162","targetHints":{"allow":["GET"]}}],"collection":[{"href":"https:\/\/rad.asvi.at\/index.php?rest_route=\/wp\/v2\/posts"}],"about":[{"href":"https:\/\/rad.asvi.at\/index.php?rest_route=\/wp\/v2\/types\/post"}],"author":[{"embeddable":true,"href":"https:\/\/rad.asvi.at\/index.php?rest_route=\/wp\/v2\/users\/2"}],"replies":[{"embeddable":true,"href":"https:\/\/rad.asvi.at\/index.php?rest_route=%2Fwp%2Fv2%2Fcomments&post=162"}],"version-history":[{"count":1,"href":"https:\/\/rad.asvi.at\/index.php?rest_route=\/wp\/v2\/posts\/162\/revisions"}],"predecessor-version":[{"id":163,"href":"https:\/\/rad.asvi.at\/index.php?rest_route=\/wp\/v2\/posts\/162\/revisions\/163"}],"wp:attachment":[{"href":"https:\/\/rad.asvi.at\/index.php?rest_route=%2Fwp%2Fv2%2Fmedia&parent=162"}],"wp:term":[{"taxonomy":"category","embeddable":true,"href":"https:\/\/rad.asvi.at\/index.php?rest_route=%2Fwp%2Fv2%2Fcategories&post=162"},{"taxonomy":"post_tag","embeddable":true,"href":"https:\/\/rad.asvi.at\/index.php?rest_route=%2Fwp%2Fv2%2Ftags&post=162"}],"curies":[{"name":"wp","href":"https:\/\/api.w.org\/{rel}","templated":true}]}}