{"id":1633,"date":"2012-07-19T17:26:20","date_gmt":"2012-07-19T15:26:20","guid":{"rendered":"http:\/\/www.radclub-inzing.at\/?p=1633"},"modified":"2012-07-19T17:26:20","modified_gmt":"2012-07-19T15:26:20","slug":"inzinger-radsporttage-2012-17-groser-raika-bergpreis-inzing-stiglreith","status":"publish","type":"post","link":"https:\/\/rad.asvi.at\/?p=1633","title":{"rendered":"Inzinger Radsporttage 2012 &#8211; 17. Gro\u00dfer Raika Bergpreis Inzing Stiglreith"},"content":{"rendered":"<p>Bei Kaiserwetter, aber extremer Hitze (\u00fcber 33 Grad!) fand gestern die 17. Auflage des Bergklassikers Inzing-Stiglreith statt und es gab mit Emanuel N\u00f6sig (Amateure\/Union Sporth\u00fctte.at) wieder einen neuen Sieger! Der Streckenrekord von Mauricio Vandelli (ITA) aus dem Jahr 2001\u00a0(36:18! ) blieb weiterhin unangetastet! Vom veranstaltenden Verein \u00d6AMTC RAIKA KLEIDERMAIR ASV INZING konnten sich v.a. Fabian Morianz (U17) als 2. und Alexander Wachter (Jun) als 4. in Szene setzen.<\/p>\n<p>Es gab bei den Junioren leider auch ein \u201eHitzeopfer\u201c \u2013 ein Fahrer vom Team Probike Schwaz erlitt 3km vor dem Ziel einen Kreislaufkollaps \u2013 er wurde mit dem Hubschrauber in die Innsbrucker Klinik geflogen, am Abend aber &#8211; Gott sei Dank- wieder entlassen!<\/p>\n<p>[gdl_gallery title=&#8220;Home&#8220; width=&#8220;130&#8243; height=&#8220;100&#8243; ]<\/p>\n","protected":false},"excerpt":{"rendered":"<p>Bei Kaiserwetter, aber extremer Hitze (\u00fcber 33 Grad!) fand gestern die 17. Auflage des Bergklassikers Inzing-Stiglreith statt und es gab mit Emanuel N\u00f6sig (Amateure\/Union Sporth\u00fctte.at) wieder einen neuen Sieger! Der Streckenrekord von Mauricio Vandelli (ITA) aus dem Jahr 2001\u00a0(36:18! ) blieb weiterhin unangetastet! Vom veranstaltenden Verein \u00d6AMTC RAIKA KLEIDERMAIR ASV INZING konnten sich v.a. Fabian&hellip;&nbsp;<a href=\"https:\/\/rad.asvi.at\/?p=1633\" class=\"\" rel=\"bookmark\">Weiterlesen &raquo;<span class=\"screen-reader-text\">Inzinger Radsporttage 2012 &#8211; 17. Gro\u00dfer Raika Bergpreis Inzing Stiglreith<\/span><\/a><\/p>\n","protected":false},"author":1,"featured_media":1588,"comment_status":"open","ping_status":"closed","sticky":false,"template":"","format":"standard","meta":{"neve_meta_sidebar":"","neve_meta_container":"","neve_meta_enable_content_width":"","neve_meta_content_width":0,"neve_meta_title_alignment":"","neve_meta_author_avatar":"","neve_post_elements_order":"","neve_meta_disable_header":"","neve_meta_disable_footer":"","neve_meta_disable_title":"","footnotes":""},"categories":[9],"tags":[],"class_list":["post-1633","post","type-post","status-publish","format-standard","has-post-thumbnail","hentry","category-allgemein"],"featured_image_urls":{"full":"","thumbnail":"","medium":"","medium_large":"","large":"","xl":"","xxl":"","xxxl":"","xxxxl":"","xxxxxl":"","1536x1536":"","2048x2048":"","neve-blog":""},"post_excerpt_stackable":"<p>Bei Kaiserwetter, aber extremer Hitze (\u00fcber 33 Grad!) fand gestern die 17. Auflage des Bergklassikers Inzing-Stiglreith statt und es gab mit Emanuel N\u00f6sig (Amateure\/Union Sporth\u00fctte.at) wieder einen neuen Sieger! Der Streckenrekord von Mauricio Vandelli (ITA) aus dem Jahr 2001\u00a0(36:18! ) blieb weiterhin unangetastet! Vom veranstaltenden Verein \u00d6AMTC RAIKA KLEIDERMAIR ASV INZING konnten sich v.a. Fabian Morianz (U17) als 2. und Alexander Wachter (Jun) als 4. in Szene setzen. Es gab bei den Junioren leider auch ein \u201eHitzeopfer\u201c \u2013 ein Fahrer vom Team Probike Schwaz erlitt 3km vor dem Ziel einen Kreislaufkollaps \u2013 er wurde mit dem Hubschrauber in die Innsbrucker&hellip;<\/p>\n","category_list":"<a href=\"https:\/\/rad.asvi.at\/?cat=9\" rel=\"category\">Allgemein<\/a>","author_info":{"name":"admin","url":"https:\/\/rad.asvi.at\/?author=1"},"comments_num":"0 comments","_links":{"self":[{"href":"https:\/\/rad.asvi.at\/index.php?rest_route=\/wp\/v2\/posts\/1633","targetHints":{"allow":["GET"]}}],"collection":[{"href":"https:\/\/rad.asvi.at\/index.php?rest_route=\/wp\/v2\/posts"}],"about":[{"href":"https:\/\/rad.asvi.at\/index.php?rest_route=\/wp\/v2\/types\/post"}],"author":[{"embeddable":true,"href":"https:\/\/rad.asvi.at\/index.php?rest_route=\/wp\/v2\/users\/1"}],"replies":[{"embeddable":true,"href":"https:\/\/rad.asvi.at\/index.php?rest_route=%2Fwp%2Fv2%2Fcomments&post=1633"}],"version-history":[{"count":0,"href":"https:\/\/rad.asvi.at\/index.php?rest_route=\/wp\/v2\/posts\/1633\/revisions"}],"wp:featuredmedia":[{"embeddable":true,"href":"https:\/\/rad.asvi.at\/index.php?rest_route=\/"}],"wp:attachment":[{"href":"https:\/\/rad.asvi.at\/index.php?rest_route=%2Fwp%2Fv2%2Fmedia&parent=1633"}],"wp:term":[{"taxonomy":"category","embeddable":true,"href":"https:\/\/rad.asvi.at\/index.php?rest_route=%2Fwp%2Fv2%2Fcategories&post=1633"},{"taxonomy":"post_tag","embeddable":true,"href":"https:\/\/rad.asvi.at\/index.php?rest_route=%2Fwp%2Fv2%2Ftags&post=1633"}],"curies":[{"name":"wp","href":"https:\/\/api.w.org\/{rel}","templated":true}]}}