{"id":164,"date":"2022-08-01T06:58:00","date_gmt":"2022-08-01T06:58:00","guid":{"rendered":"https:\/\/rad.asvi.at\/?p=164"},"modified":"2023-04-04T15:18:03","modified_gmt":"2023-04-04T15:18:03","slug":"felix-ruetzler-zeigt-in-tschechien-auf","status":"publish","type":"post","link":"https:\/\/rad.asvi.at\/?p=164","title":{"rendered":"Felix R\u00fctzler zeigt in Tschechien auf"},"content":{"rendered":"<div id=\"gutenslider-hn3o847hj\" class=\"wp-block-eedee-block-gutenslider content-change alignnone arrow-style-1 arrow-position-sides arrow-mb-none arrows-lg arrows-md arrows-sm dot-style-1 dots-lg dots-md dots-sm dot-position-bottom is-position-center-center mb-none\" style=\"--gutenslider-min-height: 50vh;--gutenslider-arrow-size: 30px;--gutenslider-dot-size: 25px;--gutenslider-arrow-color: #ffffff;--gutenslider-dot-color: #ffffff;--gutenslider-padding-y-mobile: 40px;--gutenslider-padding-x-mobile: 40px;--gutenslider-padding-y-tablet: 40px;--gutenslider-padding-x-tablet: 40px;--gutenslider-padding-y-desktop: 40px;--gutenslider-padding-x-desktop: 40px;--gutenslider-bg-image: url();--gutenslider-min-height-md: 50vh;--gutenslider-min-height-sm: 50vh;--gutenslider-padding-x: 40px;--gutenslider-padding-x-md: 40px;--gutenslider-padding-x-sm: 20px;--gutenslider-padding-y: 40px;--gutenslider-padding-y-md: 40px;--gutenslider-padding-y-sm: 20px;--gutenslider-arrow-size-md: 30px;--gutenslider-arrow-size-sm: 30px;--gutenslider-dot-size-md: 25px;--gutenslider-dot-size-sm: 25px;--gutenslider-arrow-bg-color: transparent;--gutenslider-arrow-hover-color: #eeeeee;--gutenslider-arrow-bg-hover-color: transparent;--gutenslider-arrow-x-offset: 10px;--gutenslider-arrow-x-offset-md: 10px;--gutenslider-arrow-x-offset-sm: 10px;--gutenslider-arrow-y-offset: 0px;--gutenslider-arrow-y-offset-md: 0px;--gutenslider-arrow-y-offset-sm: 0px;--gutenslider-arrow-x-spacing: 0px;--gutenslider-dot-y-offset: 10px;--gutenslider-dot-y-offset-md: 10px;--gutenslider-dot-y-offset-sm: 10px;--gutenslider-margin-x: 0px;--gutenslider-margin-x-md: 0px;--gutenslider-margin-x-sm: 0px;--gutenslider-margin-y: 0px;--gutenslider-margin-y-md: 0px;--gutenslider-margin-y-sm: 0px;--gutenslider-divider-top: 60px;--gutenslider-divider-bottom: 60px;--gutenslider-lightgallery-bg: #ffffff;--gutenslider-lightgallery-font: #000000;\" data-parallax-direction=\"down\" data-parallax-amount=\"1.3\" data-lg-transition=\"lg-slide\" data-hash=\"\"><div class=\"eedee-swiper-outer\"><div class=\"gutenslider-divider-top\" style=\"color:#fff; height:60px;\"><\/div><div class=\"swiper\" data-settings='{\"autoplay\":{\"delay\":3000,\"pauseOnMouseEnter\":true,\"disableOnInteraction\":false},\"speed\":700,\"direction\":\"horizontal\",\"autoHeight\":\"\",\"loop\":true,\"centeredSlides\":true,\"spaceBetween\":0,\"slidesPerView\":1,\"slidesPerGroup\":1,\"effect\":\"slide\",\"coverflowEffect\":{\"rotate\":30,\"slideShadows\":false,\"depth\":100,\"stretch\":50,\"modifier\":1},\"fadeEffect\":{\"crossFade\":true},\"zoom\":\"\",\"navigation\":{\"nextEl\":\"#gutenslider-hn3o847hj .eedee-gutenslider-next\",\"prevEl\":\"#gutenslider-hn3o847hj .eedee-gutenslider-prev\"},\"pagination\":{\"type\":\"bullets\",\"clickable\":true,\"dynamicBullets\":false,\"el\":\"#gutenslider-hn3o847hj .eedee-gutenslider-pagination\"},\"pauseOnHover\":\"1\",\"watchSlidesProgress\":true,\"watchSlidesVisibility\":true,\"settingsMd\":{\"autoHeight\":\"\",\"slidesPerView\":1,\"slidesPerGroup\":1,\"spaceBetween\":0},\"settingsLg\":{\"autoHeight\":\"\",\"slidesPerView\":1,\"slidesPerGroup\":1,\"spaceBetween\":0},\"hasLg\":false,\"hasLgCounter\":true,\"isFullScreen\":false,\"arrowsFollowMouse\":false,\"lgTitle\":\"none\",\"lgCaption\":\"none\",\"lgThumbnails\":true,\"keyboard\":{\"keyboard\":{\"enabled\":true,\"onlyInViewport\":true}},\"hashNavigation\":false}'><div class=\"swiper-wrapper\">\n<div class=\"swiper-slide wp-block-eedee-block-gutenslide is-position-center-center ed-bg-image\" style=\"--ed-vw:300;--ed-vh:190;\" data-hash=\"\"><div class=\"eedee-background-div bg-image\"><img loading=\"lazy\" decoding=\"async\" width=\"630\" height=\"400\" class=\"swiper-lazy wp-image-165\" src=\"https:\/\/rad.asvi.at\/wp-content\/uploads\/2023\/02\/PHOTO-2022-07-30-20-58-30-1-630x400-1.jpg\" alt=\"\" style=\"object-fit: cover; object-position: 50% 50%;\"  data-title=\"PHOTO-2022-07-30-20-58-30-1-630x400\" srcset=\"https:\/\/rad.asvi.at\/wp-content\/uploads\/2023\/02\/PHOTO-2022-07-30-20-58-30-1-630x400-1.jpg 630w, https:\/\/rad.asvi.at\/wp-content\/uploads\/2023\/02\/PHOTO-2022-07-30-20-58-30-1-630x400-1-300x190.jpg 300w\" sizes=\"auto, (max-width: 630px) 100vw, 630px\" \/><div class=\"eedee-background-div__overlay\" style=\"opacity:1;\"><\/div><\/div><div class=\"slide-content\">\n\n<p class=\"has-text-align-center gutenslider-content-initial has-larger-font-size\"><\/p>\n\n<\/div><\/div>\n\n<div class=\"swiper-slide wp-block-eedee-block-gutenslide is-position-center-center ed-bg-image\" style=\"--ed-vw:300;--ed-vh:190;\" data-hash=\"\"><div class=\"eedee-background-div bg-image\"><img loading=\"lazy\" decoding=\"async\" width=\"630\" height=\"400\" class=\"swiper-lazy wp-image-166\" src=\"https:\/\/rad.asvi.at\/wp-content\/uploads\/2023\/02\/PHOTO-2022-07-30-20-58-30-630x400-1.jpg\" alt=\"\" style=\"object-fit: cover; object-position: 50% 50%;\"  data-title=\"PHOTO-2022-07-30-20-58-30-630x400\" srcset=\"https:\/\/rad.asvi.at\/wp-content\/uploads\/2023\/02\/PHOTO-2022-07-30-20-58-30-630x400-1.jpg 630w, https:\/\/rad.asvi.at\/wp-content\/uploads\/2023\/02\/PHOTO-2022-07-30-20-58-30-630x400-1-300x190.jpg 300w\" sizes=\"auto, (max-width: 630px) 100vw, 630px\" \/><div class=\"eedee-background-div__overlay\" style=\"opacity:1;\"><\/div><\/div><div class=\"slide-content\">\n\n<p class=\"has-text-align-center gutenslider-content-initial has-larger-font-size\"><\/p>\n\n<\/div><\/div>\n\n<div class=\"swiper-slide wp-block-eedee-block-gutenslide is-position-center-center ed-bg-image\" style=\"--ed-vw:300;--ed-vh:190;\" data-hash=\"\"><div class=\"eedee-background-div bg-image\"><img loading=\"lazy\" decoding=\"async\" width=\"630\" height=\"400\" class=\"swiper-lazy wp-image-167\" src=\"https:\/\/rad.asvi.at\/wp-content\/uploads\/2023\/02\/PHOTO-2022-07-30-20-58-31-630x400-1.jpg\" alt=\"\" style=\"object-fit: cover; object-position: 50% 50%;\"  data-title=\"PHOTO-2022-07-30-20-58-31-630x400\" srcset=\"https:\/\/rad.asvi.at\/wp-content\/uploads\/2023\/02\/PHOTO-2022-07-30-20-58-31-630x400-1.jpg 630w, https:\/\/rad.asvi.at\/wp-content\/uploads\/2023\/02\/PHOTO-2022-07-30-20-58-31-630x400-1-300x190.jpg 300w\" sizes=\"auto, (max-width: 630px) 100vw, 630px\" \/><div class=\"eedee-background-div__overlay\" style=\"opacity:1;\"><\/div><\/div><div class=\"slide-content\">\n\n<p class=\"has-text-align-center gutenslider-content-initial has-larger-font-size\"><\/p>\n\n<\/div><\/div>\n<\/div><\/div><button class=\"eedee-gutenslider-nav eedee-gutenslider-prev\"><svg xmlns=\"http:\/\/www.w3.org\/2000\/svg\" viewBox=\"0 0 24 24\" width=\"24\" height=\"24\"><circle class=\"bg\" cx=\"13\" cy=\"12\" r=\"11\" \/><path fill=\"none\" d=\"M0 0h24v24H0z\"\/><path class=\"arrow\" d=\"M10.828 12l4.95 4.95-1.414 1.414L8 12l6.364-6.364 1.414 1.414z\"\/><\/svg><\/button><button class=\"eedee-gutenslider-nav eedee-gutenslider-next\"><svg xmlns=\"http:\/\/www.w3.org\/2000\/svg\" viewBox=\"0 0 24 24\" width=\"24\" height=\"24\"><circle class=\"bg\" cx=\"11\" cy=\"12\" r=\"11\" \/><path fill=\"none\" d=\"M0 0h24v24H0z\"\/><path class=\"arrow\" d=\"M13.172 12l-4.95-4.95 1.414-1.414L16 12l-6.364 6.364-1.414-1.414z\"\/><\/svg><\/button><div class=\"eedee-gutenslider-pagination\"><\/div><\/div><div class=\"gutenslider-divider-bottom \" style=\"color:#fff; height:60px;\"><\/div><\/div>\n\n\n<div style=\"height:80px\" aria-hidden=\"true\" class=\"wp-block-spacer\"><\/div>\n\n\n\n<p><strong>GP-Orlicka-Tschechien<\/strong><\/p>\n\n\n\n<p><strong><em>Felix R\u00fctzler<\/em><\/strong>&nbsp;(\u00d6AMTC RAIKA BKD ASV INZING) fuhr von 29.07-31.07 gemeinsam mit dem LRV O\u00d6 den GP-Orlicka in Tschechien (eine 3-t\u00e4gige Junioren-Rundfahrt, bei der auch zweitj\u00e4hrige U17-Fahrer starten d\u00fcrfen). Auf den insgesamt 260 km waren drei Stra\u00dfenrennen und ein Zeitfahren zu bew\u00e4ltigen. Dabei ging es sehr viel bergauf und bergab. Felix kam jeden Tag in der ersten Gruppe ins Ziel, was f\u00fcr ihn in der U17-Wertung den hervorragenden 7ten-Platz ergab. In der Gesamtwertung wurde er als bester \u00d6sterreicher 36.<\/p>\n","protected":false},"excerpt":{"rendered":"<p>GP-Orlicka-Tschechien Felix R\u00fctzler&nbsp;(\u00d6AMTC RAIKA BKD ASV INZING) fuhr von 29.07-31.07 gemeinsam mit dem LRV O\u00d6 den GP-Orlicka in Tschechien (eine 3-t\u00e4gige Junioren-Rundfahrt, bei der auch zweitj\u00e4hrige U17-Fahrer starten d\u00fcrfen). Auf den insgesamt 260 km waren drei Stra\u00dfenrennen und ein Zeitfahren zu bew\u00e4ltigen. Dabei ging es sehr viel bergauf und bergab. Felix kam jeden Tag in&hellip;&nbsp;<a href=\"https:\/\/rad.asvi.at\/?p=164\" class=\"\" rel=\"bookmark\">Weiterlesen &raquo;<span class=\"screen-reader-text\">Felix R\u00fctzler zeigt in Tschechien auf<\/span><\/a><\/p>\n","protected":false},"author":2,"featured_media":165,"comment_status":"closed","ping_status":"closed","sticky":false,"template":"","format":"standard","meta":{"neve_meta_sidebar":"","neve_meta_container":"","neve_meta_enable_content_width":"","neve_meta_content_width":0,"neve_meta_title_alignment":"","neve_meta_author_avatar":"","neve_post_elements_order":"","neve_meta_disable_header":"","neve_meta_disable_footer":"","neve_meta_disable_title":"","footnotes":""},"categories":[9,11],"tags":[],"class_list":["post-164","post","type-post","status-publish","format-standard","has-post-thumbnail","hentry","category-allgemein","category-rennsport"],"featured_image_urls":{"full":["https:\/\/rad.asvi.at\/wp-content\/uploads\/2023\/02\/PHOTO-2022-07-30-20-58-30-1-630x400-1.jpg",630,400,false],"thumbnail":["https:\/\/rad.asvi.at\/wp-content\/uploads\/2023\/02\/PHOTO-2022-07-30-20-58-30-1-630x400-1-150x150.jpg",150,150,true],"medium":["https:\/\/rad.asvi.at\/wp-content\/uploads\/2023\/02\/PHOTO-2022-07-30-20-58-30-1-630x400-1-300x190.jpg",300,190,true],"medium_large":["https:\/\/rad.asvi.at\/wp-content\/uploads\/2023\/02\/PHOTO-2022-07-30-20-58-30-1-630x400-1.jpg",630,400,false],"large":["https:\/\/rad.asvi.at\/wp-content\/uploads\/2023\/02\/PHOTO-2022-07-30-20-58-30-1-630x400-1.jpg",630,400,false],"xl":["https:\/\/rad.asvi.at\/wp-content\/uploads\/2023\/02\/PHOTO-2022-07-30-20-58-30-1-630x400-1.jpg",630,400,false],"xxl":["https:\/\/rad.asvi.at\/wp-content\/uploads\/2023\/02\/PHOTO-2022-07-30-20-58-30-1-630x400-1.jpg",630,400,false],"xxxl":["https:\/\/rad.asvi.at\/wp-content\/uploads\/2023\/02\/PHOTO-2022-07-30-20-58-30-1-630x400-1.jpg",630,400,false],"xxxxl":["https:\/\/rad.asvi.at\/wp-content\/uploads\/2023\/02\/PHOTO-2022-07-30-20-58-30-1-630x400-1.jpg",630,400,false],"xxxxxl":["https:\/\/rad.asvi.at\/wp-content\/uploads\/2023\/02\/PHOTO-2022-07-30-20-58-30-1-630x400-1.jpg",630,400,false],"1536x1536":["https:\/\/rad.asvi.at\/wp-content\/uploads\/2023\/02\/PHOTO-2022-07-30-20-58-30-1-630x400-1.jpg",630,400,false],"2048x2048":["https:\/\/rad.asvi.at\/wp-content\/uploads\/2023\/02\/PHOTO-2022-07-30-20-58-30-1-630x400-1.jpg",630,400,false],"neve-blog":["https:\/\/rad.asvi.at\/wp-content\/uploads\/2023\/02\/PHOTO-2022-07-30-20-58-30-1-630x400-1.jpg",630,400,false]},"post_excerpt_stackable":"<p>GP-Orlicka-Tschechien Felix R\u00fctzler&nbsp;(\u00d6AMTC RAIKA BKD ASV INZING) fuhr von 29.07-31.07 gemeinsam mit dem LRV O\u00d6 den GP-Orlicka in Tschechien (eine 3-t\u00e4gige Junioren-Rundfahrt, bei der auch zweitj\u00e4hrige U17-Fahrer starten d\u00fcrfen). Auf den insgesamt 260 km waren drei Stra\u00dfenrennen und ein Zeitfahren zu bew\u00e4ltigen. Dabei ging es sehr viel bergauf und bergab. Felix kam jeden Tag in der ersten Gruppe ins Ziel, was f\u00fcr ihn in der U17-Wertung den hervorragenden 7ten-Platz ergab. In der Gesamtwertung wurde er als bester \u00d6sterreicher 36.<\/p>\n","category_list":"<a href=\"https:\/\/rad.asvi.at\/?cat=9\" rel=\"category\">Allgemein<\/a>, <a href=\"https:\/\/rad.asvi.at\/?cat=11\" rel=\"category\">Rennsport<\/a>","author_info":{"name":"Roman","url":"https:\/\/rad.asvi.at\/?author=2"},"comments_num":"0 comments","_links":{"self":[{"href":"https:\/\/rad.asvi.at\/index.php?rest_route=\/wp\/v2\/posts\/164","targetHints":{"allow":["GET"]}}],"collection":[{"href":"https:\/\/rad.asvi.at\/index.php?rest_route=\/wp\/v2\/posts"}],"about":[{"href":"https:\/\/rad.asvi.at\/index.php?rest_route=\/wp\/v2\/types\/post"}],"author":[{"embeddable":true,"href":"https:\/\/rad.asvi.at\/index.php?rest_route=\/wp\/v2\/users\/2"}],"replies":[{"embeddable":true,"href":"https:\/\/rad.asvi.at\/index.php?rest_route=%2Fwp%2Fv2%2Fcomments&post=164"}],"version-history":[{"count":1,"href":"https:\/\/rad.asvi.at\/index.php?rest_route=\/wp\/v2\/posts\/164\/revisions"}],"predecessor-version":[{"id":168,"href":"https:\/\/rad.asvi.at\/index.php?rest_route=\/wp\/v2\/posts\/164\/revisions\/168"}],"wp:featuredmedia":[{"embeddable":true,"href":"https:\/\/rad.asvi.at\/index.php?rest_route=\/wp\/v2\/media\/165"}],"wp:attachment":[{"href":"https:\/\/rad.asvi.at\/index.php?rest_route=%2Fwp%2Fv2%2Fmedia&parent=164"}],"wp:term":[{"taxonomy":"category","embeddable":true,"href":"https:\/\/rad.asvi.at\/index.php?rest_route=%2Fwp%2Fv2%2Fcategories&post=164"},{"taxonomy":"post_tag","embeddable":true,"href":"https:\/\/rad.asvi.at\/index.php?rest_route=%2Fwp%2Fv2%2Ftags&post=164"}],"curies":[{"name":"wp","href":"https:\/\/api.w.org\/{rel}","templated":true}]}}