{"id":169,"date":"2022-08-01T07:01:00","date_gmt":"2022-08-01T07:01:00","guid":{"rendered":"https:\/\/rad.asvi.at\/?p=169"},"modified":"2023-04-04T15:17:47","modified_gmt":"2023-04-04T15:17:47","slug":"ramona-griesser-bei-den-europaeischen-jugendspielen-eyof","status":"publish","type":"post","link":"https:\/\/rad.asvi.at\/?p=169","title":{"rendered":"Ramona Grie\u00dfer bei den &#8222;Europ\u00e4ischen Jugendspielen&#8220; (EYOF)"},"content":{"rendered":"<div id=\"gutenslider-23816fbk7\" class=\"wp-block-eedee-block-gutenslider content-change alignnone arrow-style-1 arrow-position-sides arrow-mb-none arrows-lg arrows-md arrows-sm dot-style-1 dots-lg dots-md dots-sm dot-position-bottom is-position-center-center mb-none\" style=\"--gutenslider-min-height: 50vh;--gutenslider-arrow-size: 30px;--gutenslider-dot-size: 25px;--gutenslider-arrow-color: #ffffff;--gutenslider-dot-color: #ffffff;--gutenslider-padding-y-mobile: 40px;--gutenslider-padding-x-mobile: 40px;--gutenslider-padding-y-tablet: 40px;--gutenslider-padding-x-tablet: 40px;--gutenslider-padding-y-desktop: 40px;--gutenslider-padding-x-desktop: 40px;--gutenslider-bg-image: url();--gutenslider-min-height-md: 50vh;--gutenslider-min-height-sm: 50vh;--gutenslider-padding-x: 40px;--gutenslider-padding-x-md: 40px;--gutenslider-padding-x-sm: 20px;--gutenslider-padding-y: 40px;--gutenslider-padding-y-md: 40px;--gutenslider-padding-y-sm: 20px;--gutenslider-arrow-size-md: 30px;--gutenslider-arrow-size-sm: 30px;--gutenslider-dot-size-md: 25px;--gutenslider-dot-size-sm: 25px;--gutenslider-arrow-bg-color: transparent;--gutenslider-arrow-hover-color: #eeeeee;--gutenslider-arrow-bg-hover-color: transparent;--gutenslider-arrow-x-offset: 10px;--gutenslider-arrow-x-offset-md: 10px;--gutenslider-arrow-x-offset-sm: 10px;--gutenslider-arrow-y-offset: 0px;--gutenslider-arrow-y-offset-md: 0px;--gutenslider-arrow-y-offset-sm: 0px;--gutenslider-arrow-x-spacing: 0px;--gutenslider-dot-y-offset: 10px;--gutenslider-dot-y-offset-md: 10px;--gutenslider-dot-y-offset-sm: 10px;--gutenslider-margin-x: 0px;--gutenslider-margin-x-md: 0px;--gutenslider-margin-x-sm: 0px;--gutenslider-margin-y: 0px;--gutenslider-margin-y-md: 0px;--gutenslider-margin-y-sm: 0px;--gutenslider-divider-top: 60px;--gutenslider-divider-bottom: 60px;--gutenslider-lightgallery-bg: #ffffff;--gutenslider-lightgallery-font: #000000;\" data-parallax-direction=\"down\" data-parallax-amount=\"1.3\" data-lg-transition=\"lg-slide\" data-hash=\"\"><div class=\"eedee-swiper-outer\"><div class=\"gutenslider-divider-top\" style=\"color:#fff; height:60px;\"><\/div><div class=\"swiper\" data-settings='{\"autoplay\":{\"delay\":3000,\"pauseOnMouseEnter\":true,\"disableOnInteraction\":false},\"speed\":700,\"direction\":\"horizontal\",\"autoHeight\":\"\",\"loop\":true,\"centeredSlides\":true,\"spaceBetween\":0,\"slidesPerView\":1,\"slidesPerGroup\":1,\"effect\":\"slide\",\"coverflowEffect\":{\"rotate\":30,\"slideShadows\":false,\"depth\":100,\"stretch\":50,\"modifier\":1},\"fadeEffect\":{\"crossFade\":true},\"zoom\":\"\",\"navigation\":{\"nextEl\":\"#gutenslider-23816fbk7 .eedee-gutenslider-next\",\"prevEl\":\"#gutenslider-23816fbk7 .eedee-gutenslider-prev\"},\"pagination\":{\"type\":\"bullets\",\"clickable\":true,\"dynamicBullets\":false,\"el\":\"#gutenslider-23816fbk7 .eedee-gutenslider-pagination\"},\"pauseOnHover\":\"1\",\"watchSlidesProgress\":true,\"watchSlidesVisibility\":true,\"settingsMd\":{\"autoHeight\":\"\",\"slidesPerView\":1,\"slidesPerGroup\":1,\"spaceBetween\":0},\"settingsLg\":{\"autoHeight\":\"\",\"slidesPerView\":1,\"slidesPerGroup\":1,\"spaceBetween\":0},\"hasLg\":false,\"hasLgCounter\":true,\"isFullScreen\":false,\"arrowsFollowMouse\":false,\"lgTitle\":\"none\",\"lgCaption\":\"none\",\"lgThumbnails\":true,\"keyboard\":{\"keyboard\":{\"enabled\":true,\"onlyInViewport\":true}},\"hashNavigation\":false}'><div class=\"swiper-wrapper\">\n<div class=\"swiper-slide wp-block-eedee-block-gutenslide is-position-center-center ed-bg-image\" style=\"--ed-vw:300;--ed-vh:190;\" data-hash=\"\"><div class=\"eedee-background-div bg-image\"><img loading=\"lazy\" decoding=\"async\" width=\"630\" height=\"400\" class=\"swiper-lazy wp-image-170\" src=\"https:\/\/rad.asvi.at\/wp-content\/uploads\/2023\/02\/GEPA-20220714-101-134-0005-630x400-1.jpg\" alt=\"\" style=\"object-fit: cover; object-position: 50% 50%;\"  data-title=\"GEPA-20220714-101-134-0005-630x400\" srcset=\"https:\/\/rad.asvi.at\/wp-content\/uploads\/2023\/02\/GEPA-20220714-101-134-0005-630x400-1.jpg 630w, https:\/\/rad.asvi.at\/wp-content\/uploads\/2023\/02\/GEPA-20220714-101-134-0005-630x400-1-300x190.jpg 300w\" sizes=\"auto, (max-width: 630px) 100vw, 630px\" \/><div class=\"eedee-background-div__overlay\" style=\"opacity:1;\"><\/div><\/div><div class=\"slide-content\">\n\n<p class=\"has-text-align-center gutenslider-content-initial has-larger-font-size\"><\/p>\n\n<\/div><\/div>\n\n<div class=\"swiper-slide wp-block-eedee-block-gutenslide is-position-center-center ed-bg-image\" style=\"--ed-vw:300;--ed-vh:190;\" data-hash=\"\"><div class=\"eedee-background-div bg-image\"><img loading=\"lazy\" decoding=\"async\" width=\"630\" height=\"400\" class=\"swiper-lazy wp-image-171\" src=\"https:\/\/rad.asvi.at\/wp-content\/uploads\/2023\/02\/PHOTO-2022-07-14-11-13-02-630x400-1.jpg\" alt=\"\" style=\"object-fit: cover; object-position: 50% 50%;\"  data-title=\"PHOTO-2022-07-14-11-13-02-630x400\" srcset=\"https:\/\/rad.asvi.at\/wp-content\/uploads\/2023\/02\/PHOTO-2022-07-14-11-13-02-630x400-1.jpg 630w, https:\/\/rad.asvi.at\/wp-content\/uploads\/2023\/02\/PHOTO-2022-07-14-11-13-02-630x400-1-300x190.jpg 300w\" sizes=\"auto, (max-width: 630px) 100vw, 630px\" \/><div class=\"eedee-background-div__overlay\" style=\"opacity:1;\"><\/div><\/div><div class=\"slide-content\">\n\n<p class=\"has-text-align-center gutenslider-content-initial has-larger-font-size\"><\/p>\n\n<\/div><\/div>\n\n<div class=\"swiper-slide wp-block-eedee-block-gutenslide is-position-center-center ed-bg-image\" style=\"--ed-vw:300;--ed-vh:190;\" data-hash=\"\"><div class=\"eedee-background-div bg-image\"><img loading=\"lazy\" decoding=\"async\" width=\"630\" height=\"400\" class=\"swiper-lazy wp-image-172\" src=\"https:\/\/rad.asvi.at\/wp-content\/uploads\/2023\/02\/PHOTO-2022-07-31-21-05-45-1-630x400-1.jpg\" alt=\"\" style=\"object-fit: cover; object-position: 50% 50%;\"  data-title=\"PHOTO-2022-07-31-21-05-45-1-630x400\" srcset=\"https:\/\/rad.asvi.at\/wp-content\/uploads\/2023\/02\/PHOTO-2022-07-31-21-05-45-1-630x400-1.jpg 630w, https:\/\/rad.asvi.at\/wp-content\/uploads\/2023\/02\/PHOTO-2022-07-31-21-05-45-1-630x400-1-300x190.jpg 300w\" sizes=\"auto, (max-width: 630px) 100vw, 630px\" \/><div class=\"eedee-background-div__overlay\" style=\"opacity:1;\"><\/div><\/div><div class=\"slide-content\">\n\n<p class=\"has-text-align-center gutenslider-content-initial has-larger-font-size\"><\/p>\n\n<\/div><\/div>\n\n<div class=\"swiper-slide wp-block-eedee-block-gutenslide is-position-center-center ed-bg-image\" style=\"--ed-vw:300;--ed-vh:190;\" data-hash=\"\"><div class=\"eedee-background-div bg-image\"><img loading=\"lazy\" decoding=\"async\" width=\"630\" height=\"400\" class=\"swiper-lazy wp-image-173\" src=\"https:\/\/rad.asvi.at\/wp-content\/uploads\/2023\/02\/PHOTO-2022-07-31-21-05-45-2-630x400-1.jpg\" alt=\"\" style=\"object-fit: cover; object-position: 50% 50%;\"  data-title=\"PHOTO-2022-07-31-21-05-45-2-630x400\" srcset=\"https:\/\/rad.asvi.at\/wp-content\/uploads\/2023\/02\/PHOTO-2022-07-31-21-05-45-2-630x400-1.jpg 630w, https:\/\/rad.asvi.at\/wp-content\/uploads\/2023\/02\/PHOTO-2022-07-31-21-05-45-2-630x400-1-300x190.jpg 300w\" sizes=\"auto, (max-width: 630px) 100vw, 630px\" \/><div class=\"eedee-background-div__overlay\" style=\"opacity:1;\"><\/div><\/div><div class=\"slide-content\">\n\n<p class=\"has-text-align-center gutenslider-content-initial has-larger-font-size\"><\/p>\n\n<\/div><\/div>\n\n<div class=\"swiper-slide wp-block-eedee-block-gutenslide is-position-center-center ed-bg-image\" style=\"--ed-vw:300;--ed-vh:190;\" data-hash=\"\"><div class=\"eedee-background-div bg-image\"><img loading=\"lazy\" decoding=\"async\" width=\"630\" height=\"400\" class=\"swiper-lazy wp-image-174\" src=\"https:\/\/rad.asvi.at\/wp-content\/uploads\/2023\/02\/PHOTO-2022-07-31-21-05-45-3-630x400-1.jpg\" alt=\"\" style=\"object-fit: cover; object-position: 50% 50%;\"  data-title=\"PHOTO-2022-07-31-21-05-45-3-630x400\" srcset=\"https:\/\/rad.asvi.at\/wp-content\/uploads\/2023\/02\/PHOTO-2022-07-31-21-05-45-3-630x400-1.jpg 630w, https:\/\/rad.asvi.at\/wp-content\/uploads\/2023\/02\/PHOTO-2022-07-31-21-05-45-3-630x400-1-300x190.jpg 300w\" sizes=\"auto, (max-width: 630px) 100vw, 630px\" \/><div class=\"eedee-background-div__overlay\" style=\"opacity:1;\"><\/div><\/div><div class=\"slide-content\">\n\n<p class=\"has-text-align-center gutenslider-content-initial has-larger-font-size\"><\/p>\n\n<\/div><\/div>\n\n<div class=\"swiper-slide wp-block-eedee-block-gutenslide is-position-center-center ed-bg-image\" style=\"--ed-vw:300;--ed-vh:190;\" data-hash=\"\"><div class=\"eedee-background-div bg-image\"><img loading=\"lazy\" decoding=\"async\" width=\"630\" height=\"400\" class=\"swiper-lazy wp-image-175\" src=\"https:\/\/rad.asvi.at\/wp-content\/uploads\/2023\/02\/PHOTO-2022-07-31-21-05-45-630x400-1.jpg\" alt=\"\" style=\"object-fit: cover; object-position: 50% 50%;\"  data-title=\"PHOTO-2022-07-31-21-05-45-630x400\" srcset=\"https:\/\/rad.asvi.at\/wp-content\/uploads\/2023\/02\/PHOTO-2022-07-31-21-05-45-630x400-1.jpg 630w, https:\/\/rad.asvi.at\/wp-content\/uploads\/2023\/02\/PHOTO-2022-07-31-21-05-45-630x400-1-300x190.jpg 300w\" sizes=\"auto, (max-width: 630px) 100vw, 630px\" \/><div class=\"eedee-background-div__overlay\" style=\"opacity:1;\"><\/div><\/div><div class=\"slide-content\">\n\n<p class=\"has-text-align-center gutenslider-content-initial has-larger-font-size\"><\/p>\n\n<\/div><\/div>\n<\/div><\/div><button class=\"eedee-gutenslider-nav eedee-gutenslider-prev\"><svg xmlns=\"http:\/\/www.w3.org\/2000\/svg\" viewBox=\"0 0 24 24\" width=\"24\" height=\"24\"><circle class=\"bg\" cx=\"13\" cy=\"12\" r=\"11\" \/><path fill=\"none\" d=\"M0 0h24v24H0z\"\/><path class=\"arrow\" d=\"M10.828 12l4.95 4.95-1.414 1.414L8 12l6.364-6.364 1.414 1.414z\"\/><\/svg><\/button><button class=\"eedee-gutenslider-nav eedee-gutenslider-next\"><svg xmlns=\"http:\/\/www.w3.org\/2000\/svg\" viewBox=\"0 0 24 24\" width=\"24\" height=\"24\"><circle class=\"bg\" cx=\"11\" cy=\"12\" r=\"11\" \/><path fill=\"none\" d=\"M0 0h24v24H0z\"\/><path class=\"arrow\" d=\"M13.172 12l-4.95-4.95 1.414-1.414L16 12l-6.364 6.364-1.414-1.414z\"\/><\/svg><\/button><div class=\"eedee-gutenslider-pagination\"><\/div><\/div><div class=\"gutenslider-divider-bottom \" style=\"color:#fff; height:60px;\"><\/div><\/div>\n\n\n<div style=\"height:80px\" aria-hidden=\"true\" class=\"wp-block-spacer\"><\/div>\n\n\n\n<p><strong>EYOF BANSKA BYSTRICA 24-30.7.2022<br><em>Ramona Grie\u00dfer<\/em><\/strong>&nbsp;(\u00d6AMTC RAIKA BKD ASV INZING) bekam heuer die einzigartige Gelegenheit bei den europ\u00e4ischen Jugendspielen zu starten. Diese nutze sie, um zu zeigen, dass mit ihr auch in einem starkem internationalen Feld zu rechnen ist.<br>Aber im Vordergrund standen nicht nur ihre Bewerbe, sondern auch zum Beispiel die Er\u00f6ffnungsfeier, bei der sie zusammen mit Judoka Ronald Pr\u00f6ll das Youth Olympic Team Austria als Fahnentr\u00e4gerin anf\u00fchren durfte.<br>Am Dienstag, 26.8. fand dann ihr erster Wettkampf, ein 8,4 km langes Zeitfahren statt. Auf der kurzen Strecke trennten die M\u00e4dchen nur wenige Sekunde voneinander und Ramona mischte -mit Platz 22 von 78 Starterinnen- bei den Besten mit.<br>Noch besser gelang es ihr sich im Stra\u00dfenrennen zu beweisen. Bei der Vorentscheidung am Berg blieb sie in der ersten Verfolgergruppe einer dreik\u00f6pfigen Spitze, die im Laufe des Rennens noch eingeholt wurde. Schlussendlich kam sie als 14. mit der ersten Gruppe, also zeitgleich mit der Siegerin ins Ziel.<br>Diese Ergebnisse \u00fcbertrafen alle ihre Erwartungen, da Ramona ja auch zu den J\u00fcngeren der beiden Jahrg\u00e4nge geh\u00f6rt. Vor allem das Olympia Feeling bei der Er\u00f6ffnungsfeier und den Bewerben, bei denen sehr viele Zuschauer dabei waren, war \u00fcberw\u00e4ltigend f\u00fcr die 15-j\u00e4hrige.<\/p>\n","protected":false},"excerpt":{"rendered":"<p>EYOF BANSKA BYSTRICA 24-30.7.2022Ramona Grie\u00dfer&nbsp;(\u00d6AMTC RAIKA BKD ASV INZING) bekam heuer die einzigartige Gelegenheit bei den europ\u00e4ischen Jugendspielen zu starten. Diese nutze sie, um zu zeigen, dass mit ihr auch in einem starkem internationalen Feld zu rechnen ist.Aber im Vordergrund standen nicht nur ihre Bewerbe, sondern auch zum Beispiel die Er\u00f6ffnungsfeier, bei der sie zusammen&hellip;&nbsp;<a href=\"https:\/\/rad.asvi.at\/?p=169\" class=\"\" rel=\"bookmark\">Weiterlesen &raquo;<span class=\"screen-reader-text\">Ramona Grie\u00dfer bei den &#8222;Europ\u00e4ischen Jugendspielen&#8220; (EYOF)<\/span><\/a><\/p>\n","protected":false},"author":2,"featured_media":170,"comment_status":"closed","ping_status":"closed","sticky":false,"template":"","format":"standard","meta":{"neve_meta_sidebar":"","neve_meta_container":"","neve_meta_enable_content_width":"","neve_meta_content_width":0,"neve_meta_title_alignment":"","neve_meta_author_avatar":"","neve_post_elements_order":"","neve_meta_disable_header":"","neve_meta_disable_footer":"","neve_meta_disable_title":"","footnotes":""},"categories":[9,11],"tags":[],"class_list":["post-169","post","type-post","status-publish","format-standard","has-post-thumbnail","hentry","category-allgemein","category-rennsport"],"featured_image_urls":{"full":["https:\/\/rad.asvi.at\/wp-content\/uploads\/2023\/02\/GEPA-20220714-101-134-0005-630x400-1.jpg",630,400,false],"thumbnail":["https:\/\/rad.asvi.at\/wp-content\/uploads\/2023\/02\/GEPA-20220714-101-134-0005-630x400-1-150x150.jpg",150,150,true],"medium":["https:\/\/rad.asvi.at\/wp-content\/uploads\/2023\/02\/GEPA-20220714-101-134-0005-630x400-1-300x190.jpg",300,190,true],"medium_large":["https:\/\/rad.asvi.at\/wp-content\/uploads\/2023\/02\/GEPA-20220714-101-134-0005-630x400-1.jpg",630,400,false],"large":["https:\/\/rad.asvi.at\/wp-content\/uploads\/2023\/02\/GEPA-20220714-101-134-0005-630x400-1.jpg",630,400,false],"xl":["https:\/\/rad.asvi.at\/wp-content\/uploads\/2023\/02\/GEPA-20220714-101-134-0005-630x400-1.jpg",630,400,false],"xxl":["https:\/\/rad.asvi.at\/wp-content\/uploads\/2023\/02\/GEPA-20220714-101-134-0005-630x400-1.jpg",630,400,false],"xxxl":["https:\/\/rad.asvi.at\/wp-content\/uploads\/2023\/02\/GEPA-20220714-101-134-0005-630x400-1.jpg",630,400,false],"xxxxl":["https:\/\/rad.asvi.at\/wp-content\/uploads\/2023\/02\/GEPA-20220714-101-134-0005-630x400-1.jpg",630,400,false],"xxxxxl":["https:\/\/rad.asvi.at\/wp-content\/uploads\/2023\/02\/GEPA-20220714-101-134-0005-630x400-1.jpg",630,400,false],"1536x1536":["https:\/\/rad.asvi.at\/wp-content\/uploads\/2023\/02\/GEPA-20220714-101-134-0005-630x400-1.jpg",630,400,false],"2048x2048":["https:\/\/rad.asvi.at\/wp-content\/uploads\/2023\/02\/GEPA-20220714-101-134-0005-630x400-1.jpg",630,400,false],"neve-blog":["https:\/\/rad.asvi.at\/wp-content\/uploads\/2023\/02\/GEPA-20220714-101-134-0005-630x400-1.jpg",630,400,false]},"post_excerpt_stackable":"<p>EYOF BANSKA BYSTRICA 24-30.7.2022Ramona Grie\u00dfer&nbsp;(\u00d6AMTC RAIKA BKD ASV INZING) bekam heuer die einzigartige Gelegenheit bei den europ\u00e4ischen Jugendspielen zu starten. Diese nutze sie, um zu zeigen, dass mit ihr auch in einem starkem internationalen Feld zu rechnen ist.Aber im Vordergrund standen nicht nur ihre Bewerbe, sondern auch zum Beispiel die Er\u00f6ffnungsfeier, bei der sie zusammen mit Judoka Ronald Pr\u00f6ll das Youth Olympic Team Austria als Fahnentr\u00e4gerin anf\u00fchren durfte.Am Dienstag, 26.8. fand dann ihr erster Wettkampf, ein 8,4 km langes Zeitfahren statt. Auf der kurzen Strecke trennten die M\u00e4dchen nur wenige Sekunde voneinander und Ramona mischte -mit Platz 22 von 78&hellip;<\/p>\n","category_list":"<a href=\"https:\/\/rad.asvi.at\/?cat=9\" rel=\"category\">Allgemein<\/a>, <a href=\"https:\/\/rad.asvi.at\/?cat=11\" rel=\"category\">Rennsport<\/a>","author_info":{"name":"Roman","url":"https:\/\/rad.asvi.at\/?author=2"},"comments_num":"0 comments","_links":{"self":[{"href":"https:\/\/rad.asvi.at\/index.php?rest_route=\/wp\/v2\/posts\/169","targetHints":{"allow":["GET"]}}],"collection":[{"href":"https:\/\/rad.asvi.at\/index.php?rest_route=\/wp\/v2\/posts"}],"about":[{"href":"https:\/\/rad.asvi.at\/index.php?rest_route=\/wp\/v2\/types\/post"}],"author":[{"embeddable":true,"href":"https:\/\/rad.asvi.at\/index.php?rest_route=\/wp\/v2\/users\/2"}],"replies":[{"embeddable":true,"href":"https:\/\/rad.asvi.at\/index.php?rest_route=%2Fwp%2Fv2%2Fcomments&post=169"}],"version-history":[{"count":2,"href":"https:\/\/rad.asvi.at\/index.php?rest_route=\/wp\/v2\/posts\/169\/revisions"}],"predecessor-version":[{"id":179,"href":"https:\/\/rad.asvi.at\/index.php?rest_route=\/wp\/v2\/posts\/169\/revisions\/179"}],"wp:featuredmedia":[{"embeddable":true,"href":"https:\/\/rad.asvi.at\/index.php?rest_route=\/wp\/v2\/media\/170"}],"wp:attachment":[{"href":"https:\/\/rad.asvi.at\/index.php?rest_route=%2Fwp%2Fv2%2Fmedia&parent=169"}],"wp:term":[{"taxonomy":"category","embeddable":true,"href":"https:\/\/rad.asvi.at\/index.php?rest_route=%2Fwp%2Fv2%2Fcategories&post=169"},{"taxonomy":"post_tag","embeddable":true,"href":"https:\/\/rad.asvi.at\/index.php?rest_route=%2Fwp%2Fv2%2Ftags&post=169"}],"curies":[{"name":"wp","href":"https:\/\/api.w.org\/{rel}","templated":true}]}}