{"id":1770,"date":"2012-07-24T15:46:53","date_gmt":"2012-07-24T13:46:53","guid":{"rendered":"http:\/\/www.radclub-inzing.at\/?p=1770"},"modified":"2012-07-24T15:46:53","modified_gmt":"2012-07-24T13:46:53","slug":"kaiserjagersteig","status":"publish","type":"post","link":"https:\/\/rad.asvi.at\/?p=1770","title":{"rendered":"Kaiserj\u00e4gersteig 17.06.2012"},"content":{"rendered":"<p>Bei Kaiserwetter\u00a0starteten wir um ca 10 Uhr ( Max, Martin, Peter und Ulli) vom Levicosee unsere Ausfahrt.<\/p>\n<p>Die Fahrt f\u00fchrte uns \u00fcber den pso d. V\u00e9zzena ( 1400 hm)nach Asiago.\u00a0Dort kehrten wir in einer kleinen Trattoria ein. (Wir tranken auch ein kleines Bierchen). Danach f\u00fchrte uns die Fahrt \u00fcber den pso Forcella ( 910 hm) wieder zur\u00fcck nach Levico.<\/p>\n","protected":false},"excerpt":{"rendered":"<p>Bei Kaiserwetter\u00a0starteten wir um ca 10 Uhr ( Max, Martin, Peter und Ulli) vom Levicosee unsere Ausfahrt. Die Fahrt f\u00fchrte uns \u00fcber den pso d. V\u00e9zzena ( 1400 hm)nach Asiago.\u00a0Dort kehrten wir in einer kleinen Trattoria ein. (Wir tranken auch ein kleines Bierchen). Danach f\u00fchrte uns die Fahrt \u00fcber den pso Forcella ( 910 hm)&hellip;&nbsp;<a href=\"https:\/\/rad.asvi.at\/?p=1770\" class=\"\" rel=\"bookmark\">Weiterlesen &raquo;<span class=\"screen-reader-text\">Kaiserj\u00e4gersteig 17.06.2012<\/span><\/a><\/p>\n","protected":false},"author":2,"featured_media":1754,"comment_status":"open","ping_status":"closed","sticky":false,"template":"","format":"standard","meta":{"neve_meta_sidebar":"","neve_meta_container":"","neve_meta_enable_content_width":"","neve_meta_content_width":0,"neve_meta_title_alignment":"","neve_meta_author_avatar":"","neve_post_elements_order":"","neve_meta_disable_header":"","neve_meta_disable_footer":"","neve_meta_disable_title":"","footnotes":""},"categories":[10],"tags":[],"class_list":["post-1770","post","type-post","status-publish","format-standard","has-post-thumbnail","hentry","category-hobbysport"],"featured_image_urls":{"full":"","thumbnail":"","medium":"","medium_large":"","large":"","xl":"","xxl":"","xxxl":"","xxxxl":"","xxxxxl":"","1536x1536":"","2048x2048":"","neve-blog":""},"post_excerpt_stackable":"<p>Bei Kaiserwetter\u00a0starteten wir um ca 10 Uhr ( Max, Martin, Peter und Ulli) vom Levicosee unsere Ausfahrt. Die Fahrt f\u00fchrte uns \u00fcber den pso d. V\u00e9zzena ( 1400 hm)nach Asiago.\u00a0Dort kehrten wir in einer kleinen Trattoria ein. (Wir tranken auch ein kleines Bierchen). Danach f\u00fchrte uns die Fahrt \u00fcber den pso Forcella ( 910 hm) wieder zur\u00fcck nach Levico.<\/p>\n","category_list":"<a href=\"https:\/\/rad.asvi.at\/?cat=10\" rel=\"category\">Hobbysport<\/a>","author_info":{"name":"Roman","url":"https:\/\/rad.asvi.at\/?author=2"},"comments_num":"0 comments","_links":{"self":[{"href":"https:\/\/rad.asvi.at\/index.php?rest_route=\/wp\/v2\/posts\/1770","targetHints":{"allow":["GET"]}}],"collection":[{"href":"https:\/\/rad.asvi.at\/index.php?rest_route=\/wp\/v2\/posts"}],"about":[{"href":"https:\/\/rad.asvi.at\/index.php?rest_route=\/wp\/v2\/types\/post"}],"author":[{"embeddable":true,"href":"https:\/\/rad.asvi.at\/index.php?rest_route=\/wp\/v2\/users\/2"}],"replies":[{"embeddable":true,"href":"https:\/\/rad.asvi.at\/index.php?rest_route=%2Fwp%2Fv2%2Fcomments&post=1770"}],"version-history":[{"count":0,"href":"https:\/\/rad.asvi.at\/index.php?rest_route=\/wp\/v2\/posts\/1770\/revisions"}],"wp:featuredmedia":[{"embeddable":true,"href":"https:\/\/rad.asvi.at\/index.php?rest_route=\/"}],"wp:attachment":[{"href":"https:\/\/rad.asvi.at\/index.php?rest_route=%2Fwp%2Fv2%2Fmedia&parent=1770"}],"wp:term":[{"taxonomy":"category","embeddable":true,"href":"https:\/\/rad.asvi.at\/index.php?rest_route=%2Fwp%2Fv2%2Fcategories&post=1770"},{"taxonomy":"post_tag","embeddable":true,"href":"https:\/\/rad.asvi.at\/index.php?rest_route=%2Fwp%2Fv2%2Ftags&post=1770"}],"curies":[{"name":"wp","href":"https:\/\/api.w.org\/{rel}","templated":true}]}}