{"id":1819,"date":"2012-07-25T14:39:02","date_gmt":"2012-07-25T12:39:02","guid":{"rendered":"http:\/\/www.radclub-inzing.at\/?p=1819"},"modified":"2012-07-25T14:39:02","modified_gmt":"2012-07-25T12:39:02","slug":"staller-sattel-23-06-2012","status":"publish","type":"post","link":"https:\/\/rad.asvi.at\/?p=1819","title":{"rendered":"Staller Sattel 23.06.2012"},"content":{"rendered":"<p><a href=\"http:\/\/www.radclub-inzing.at\/?attachment_id=1811\" rel=\"attachment wp-att-1811\"><img loading=\"lazy\" decoding=\"async\" class=\"alignnone size-medium wp-image-1811\" title=\"P6248392\" src=\"http:\/\/www.radclub-inzing.at\/wp-content\/uploads\/2012\/07\/P6248392-300x225.jpg\" alt=\"\" width=\"300\" height=\"225\" \/><\/a>Um 7 Uhr trafen sich 10 &#8222;ausgeschlafene Radler&#8220; \u00a0f\u00fcr die Ausfahrt nach S\u00fcdtirol.Das Wetter war endlich wieder wie es sich die Radler vorstellten, &#8211; einfach sch\u00f6n! Wir starteten ab Toblach. Bernhard unser Spacemaker fuhr bis nach Lienz an der Spitze. Wir &#8222;lutschten&#8220;\u00a0 hinterher !<\/p>\n<p>Nach\u00a0der Abzweigung Richtung Defreggental gings dann das erste Mal so richtig zur Sache. Steigungen von 7 &#8211; 11 % wechselten sich ab. Aber Gott sei Dank kehrten wir in St. Jakob i. Defreggental bei einem guten Gasthof ein.<\/p>\n<p>Mit neuen Kr\u00e4ften ging es dann in Richtung Staller Sattel. Oben angekommen, konnten wir ohne eine 3\/4 Stunde warten zu m\u00fcssen ins Antholzer Tal abfahren.<\/p>\n<p>Am Ende der sch\u00f6nen Radtour war jeder der gleichen Meinung, &#8211; es war eine wahrlich sch\u00f6ne Ausfahrt !!!<\/p>\n","protected":false},"excerpt":{"rendered":"<p>Um 7 Uhr trafen sich 10 &#8222;ausgeschlafene Radler&#8220; \u00a0f\u00fcr die Ausfahrt nach S\u00fcdtirol.Das Wetter war endlich wieder wie es sich die Radler vorstellten, &#8211; einfach sch\u00f6n! Wir starteten ab Toblach. Bernhard unser Spacemaker fuhr bis nach Lienz an der Spitze. Wir &#8222;lutschten&#8220;\u00a0 hinterher ! Nach\u00a0der Abzweigung Richtung Defreggental gings dann das erste Mal so richtig&hellip;&nbsp;<a href=\"https:\/\/rad.asvi.at\/?p=1819\" class=\"\" rel=\"bookmark\">Weiterlesen &raquo;<span class=\"screen-reader-text\">Staller Sattel 23.06.2012<\/span><\/a><\/p>\n","protected":false},"author":2,"featured_media":1811,"comment_status":"open","ping_status":"closed","sticky":false,"template":"","format":"standard","meta":{"neve_meta_sidebar":"","neve_meta_container":"","neve_meta_enable_content_width":"","neve_meta_content_width":0,"neve_meta_title_alignment":"","neve_meta_author_avatar":"","neve_post_elements_order":"","neve_meta_disable_header":"","neve_meta_disable_footer":"","neve_meta_disable_title":"","footnotes":""},"categories":[9,10],"tags":[],"class_list":["post-1819","post","type-post","status-publish","format-standard","has-post-thumbnail","hentry","category-allgemein","category-hobbysport"],"featured_image_urls":{"full":"","thumbnail":"","medium":"","medium_large":"","large":"","xl":"","xxl":"","xxxl":"","xxxxl":"","xxxxxl":"","1536x1536":"","2048x2048":"","neve-blog":""},"post_excerpt_stackable":"<p>Um 7 Uhr trafen sich 10 &#8222;ausgeschlafene Radler&#8220; \u00a0f\u00fcr die Ausfahrt nach S\u00fcdtirol.Das Wetter war endlich wieder wie es sich die Radler vorstellten, &#8211; einfach sch\u00f6n! Wir starteten ab Toblach. Bernhard unser Spacemaker fuhr bis nach Lienz an der Spitze. Wir &#8222;lutschten&#8220;\u00a0 hinterher ! Nach\u00a0der Abzweigung Richtung Defreggental gings dann das erste Mal so richtig zur Sache. Steigungen von 7 &#8211; 11 % wechselten sich ab. Aber Gott sei Dank kehrten wir in St. Jakob i. Defreggental bei einem guten Gasthof ein. Mit neuen Kr\u00e4ften ging es dann in Richtung Staller Sattel. Oben angekommen, konnten wir ohne eine 3\/4 Stunde&hellip;<\/p>\n","category_list":"<a href=\"https:\/\/rad.asvi.at\/?cat=9\" rel=\"category\">Allgemein<\/a>, <a href=\"https:\/\/rad.asvi.at\/?cat=10\" rel=\"category\">Hobbysport<\/a>","author_info":{"name":"Roman","url":"https:\/\/rad.asvi.at\/?author=2"},"comments_num":"0 comments","_links":{"self":[{"href":"https:\/\/rad.asvi.at\/index.php?rest_route=\/wp\/v2\/posts\/1819","targetHints":{"allow":["GET"]}}],"collection":[{"href":"https:\/\/rad.asvi.at\/index.php?rest_route=\/wp\/v2\/posts"}],"about":[{"href":"https:\/\/rad.asvi.at\/index.php?rest_route=\/wp\/v2\/types\/post"}],"author":[{"embeddable":true,"href":"https:\/\/rad.asvi.at\/index.php?rest_route=\/wp\/v2\/users\/2"}],"replies":[{"embeddable":true,"href":"https:\/\/rad.asvi.at\/index.php?rest_route=%2Fwp%2Fv2%2Fcomments&post=1819"}],"version-history":[{"count":0,"href":"https:\/\/rad.asvi.at\/index.php?rest_route=\/wp\/v2\/posts\/1819\/revisions"}],"wp:featuredmedia":[{"embeddable":true,"href":"https:\/\/rad.asvi.at\/index.php?rest_route=\/"}],"wp:attachment":[{"href":"https:\/\/rad.asvi.at\/index.php?rest_route=%2Fwp%2Fv2%2Fmedia&parent=1819"}],"wp:term":[{"taxonomy":"category","embeddable":true,"href":"https:\/\/rad.asvi.at\/index.php?rest_route=%2Fwp%2Fv2%2Fcategories&post=1819"},{"taxonomy":"post_tag","embeddable":true,"href":"https:\/\/rad.asvi.at\/index.php?rest_route=%2Fwp%2Fv2%2Ftags&post=1819"}],"curies":[{"name":"wp","href":"https:\/\/api.w.org\/{rel}","templated":true}]}}