{"id":1833,"date":"2012-07-25T23:47:30","date_gmt":"2012-07-25T21:47:30","guid":{"rendered":"http:\/\/www.radclub-inzing.at\/?p=1833"},"modified":"2012-07-25T23:47:30","modified_gmt":"2012-07-25T21:47:30","slug":"oberissalm-08-07-2012","status":"publish","type":"post","link":"https:\/\/rad.asvi.at\/?p=1833","title":{"rendered":"Oberissalm 08.07.2012"},"content":{"rendered":"<p><a href=\"http:\/\/www.radclub-inzing.at\/?attachment_id=1907\" rel=\"attachment wp-att-1907\"><img loading=\"lazy\" decoding=\"async\" class=\"alignnone size-medium wp-image-1907\" title=\"P7088426\" src=\"http:\/\/www.radclub-inzing.at\/wp-content\/uploads\/2012\/07\/P7088426-300x225.jpg\" alt=\"\" width=\"300\" height=\"225\" \/><\/a>Bei wechselhaften Wetter\u00a0radelten wir\u00a0von Inzing\u00a0in\u00a0Richtung\u00a0Stubaital.\u00a0Nach Milders\u00a0folgten wir der Beschilderung &#8222;Oberberg&#8220;.<\/p>\n<p>Gleich nach der Abzweigung gings nur mehr <strong>steil<\/strong> bergauf! Maxxi und\u00a0ich fuhren gleich ein St\u00fcck voraus, damit wir die Beschwerden unserer\u00a0weiblichen Teilnehmer\u00a0nicht mehr h\u00f6ren konnten.<\/p>\n<p>Ungef\u00e4hr 500 Meter vor dem Ziel (Oberissalm) nahm die Steigung der Stra\u00dfe nocheinmal auf ca. 20 Prozent zu. Die\u00a0 M\u00e4nner bezwangen nach leidvollen letzten Metern die Oberissalm !<\/p>\n<p>Vor der extremen Steigung kehrten\u00a0unsere Damen\u00a0bei einer Alm\u00a0ein.<\/p>\n<p>Sie sagten:\u00a0\u00a0 Jetzt ist\u00a0genug&#8220; !<\/p>\n<p>Nach W\u00fcrstelsuppe, Kaffee und Kuchen fuhren wir gest\u00e4rkt talausw\u00e4rts nach Hause.<\/p>\n<p>Streckenbeschreibung:\u00a0 130 km, 1800 Hm<\/p>\n<p>&nbsp;<\/p>\n<p>&nbsp;<\/p>\n<p>&nbsp;<\/p>\n","protected":false},"excerpt":{"rendered":"<p>Bei wechselhaften Wetter\u00a0radelten wir\u00a0von Inzing\u00a0in\u00a0Richtung\u00a0Stubaital.\u00a0Nach Milders\u00a0folgten wir der Beschilderung &#8222;Oberberg&#8220;. Gleich nach der Abzweigung gings nur mehr steil bergauf! Maxxi und\u00a0ich fuhren gleich ein St\u00fcck voraus, damit wir die Beschwerden unserer\u00a0weiblichen Teilnehmer\u00a0nicht mehr h\u00f6ren konnten. Ungef\u00e4hr 500 Meter vor dem Ziel (Oberissalm) nahm die Steigung der Stra\u00dfe nocheinmal auf ca. 20 Prozent zu. Die\u00a0 M\u00e4nner&hellip;&nbsp;<a href=\"https:\/\/rad.asvi.at\/?p=1833\" class=\"\" rel=\"bookmark\">Weiterlesen &raquo;<span class=\"screen-reader-text\">Oberissalm 08.07.2012<\/span><\/a><\/p>\n","protected":false},"author":2,"featured_media":1907,"comment_status":"open","ping_status":"closed","sticky":false,"template":"","format":"standard","meta":{"neve_meta_sidebar":"","neve_meta_container":"","neve_meta_enable_content_width":"","neve_meta_content_width":0,"neve_meta_title_alignment":"","neve_meta_author_avatar":"","neve_post_elements_order":"","neve_meta_disable_header":"","neve_meta_disable_footer":"","neve_meta_disable_title":"","footnotes":""},"categories":[9,10],"tags":[],"class_list":["post-1833","post","type-post","status-publish","format-standard","has-post-thumbnail","hentry","category-allgemein","category-hobbysport"],"featured_image_urls":{"full":"","thumbnail":"","medium":"","medium_large":"","large":"","xl":"","xxl":"","xxxl":"","xxxxl":"","xxxxxl":"","1536x1536":"","2048x2048":"","neve-blog":""},"post_excerpt_stackable":"<p>Bei wechselhaften Wetter\u00a0radelten wir\u00a0von Inzing\u00a0in\u00a0Richtung\u00a0Stubaital.\u00a0Nach Milders\u00a0folgten wir der Beschilderung &#8222;Oberberg&#8220;. Gleich nach der Abzweigung gings nur mehr steil bergauf! Maxxi und\u00a0ich fuhren gleich ein St\u00fcck voraus, damit wir die Beschwerden unserer\u00a0weiblichen Teilnehmer\u00a0nicht mehr h\u00f6ren konnten. Ungef\u00e4hr 500 Meter vor dem Ziel (Oberissalm) nahm die Steigung der Stra\u00dfe nocheinmal auf ca. 20 Prozent zu. Die\u00a0 M\u00e4nner bezwangen nach leidvollen letzten Metern die Oberissalm ! Vor der extremen Steigung kehrten\u00a0unsere Damen\u00a0bei einer Alm\u00a0ein. Sie sagten:\u00a0\u00a0 Jetzt ist\u00a0genug&#8220; ! Nach W\u00fcrstelsuppe, Kaffee und Kuchen fuhren wir gest\u00e4rkt talausw\u00e4rts nach Hause. Streckenbeschreibung:\u00a0 130 km, 1800 Hm &nbsp; &nbsp; &nbsp;<\/p>\n","category_list":"<a href=\"https:\/\/rad.asvi.at\/?cat=9\" rel=\"category\">Allgemein<\/a>, <a href=\"https:\/\/rad.asvi.at\/?cat=10\" rel=\"category\">Hobbysport<\/a>","author_info":{"name":"Roman","url":"https:\/\/rad.asvi.at\/?author=2"},"comments_num":"0 comments","_links":{"self":[{"href":"https:\/\/rad.asvi.at\/index.php?rest_route=\/wp\/v2\/posts\/1833","targetHints":{"allow":["GET"]}}],"collection":[{"href":"https:\/\/rad.asvi.at\/index.php?rest_route=\/wp\/v2\/posts"}],"about":[{"href":"https:\/\/rad.asvi.at\/index.php?rest_route=\/wp\/v2\/types\/post"}],"author":[{"embeddable":true,"href":"https:\/\/rad.asvi.at\/index.php?rest_route=\/wp\/v2\/users\/2"}],"replies":[{"embeddable":true,"href":"https:\/\/rad.asvi.at\/index.php?rest_route=%2Fwp%2Fv2%2Fcomments&post=1833"}],"version-history":[{"count":0,"href":"https:\/\/rad.asvi.at\/index.php?rest_route=\/wp\/v2\/posts\/1833\/revisions"}],"wp:featuredmedia":[{"embeddable":true,"href":"https:\/\/rad.asvi.at\/index.php?rest_route=\/"}],"wp:attachment":[{"href":"https:\/\/rad.asvi.at\/index.php?rest_route=%2Fwp%2Fv2%2Fmedia&parent=1833"}],"wp:term":[{"taxonomy":"category","embeddable":true,"href":"https:\/\/rad.asvi.at\/index.php?rest_route=%2Fwp%2Fv2%2Fcategories&post=1833"},{"taxonomy":"post_tag","embeddable":true,"href":"https:\/\/rad.asvi.at\/index.php?rest_route=%2Fwp%2Fv2%2Ftags&post=1833"}],"curies":[{"name":"wp","href":"https:\/\/api.w.org\/{rel}","templated":true}]}}