{"id":2196,"date":"2012-09-05T20:29:29","date_gmt":"2012-09-05T18:29:29","guid":{"rendered":"http:\/\/www.radclub-inzing.at\/?p=2196"},"modified":"2012-09-05T20:29:29","modified_gmt":"2012-09-05T18:29:29","slug":"alexander-wachter-gewinnt-europameistertitel","status":"publish","type":"post","link":"https:\/\/rad.asvi.at\/?p=2196","title":{"rendered":"Alexander Wachter gewinnt Europameistertitel!"},"content":{"rendered":"<p>\u00a0<a href=\"http:\/\/www.radsportverband.at\/index.php?eID=tx_cms_showpic&amp;file=uploads%2Fpics%2Fz_01.JPG&amp;md5=d0384e78a8a152de8006e2c528ec576dba96bb30\u00b6meters[0]=YTo0OntzOjU6IndpZHRoIjtzOjQ6IjgwMG0iO3M6NjoiaGVpZ2h0IjtzOjM6IjYw\u00b6meters[1]=MCI7czo3OiJib2R5VGFnIjtzOjQyOiI8Ym9keSBiZ0NvbG9yPSIjZmZmZmZmIiBz\u00b6meters[2]=dHlsZT0ibWFyZ2luOjA7Ij4iO3M6NDoid3JhcCI7czozNzoiPGEgaHJlZj0iamF2\u00b6meters[3]=YXNjcmlwdDpjbG9zZSgpOyI%2BIHwgPC9hPiI7fQ%3D%3D\"><img loading=\"lazy\" decoding=\"async\" src=\"http:\/\/www.radsportverband.at\/typo3temp\/pics\/9fc835e4d6.jpg\" alt=\"\" width=\"318\" height=\"212\" border=\"0\" \/><\/a><\/p>\n<p>&nbsp;<\/p>\n<p><strong>Gro\u00dfartiger Erfolg f\u00fcr den Tiroler Radsport bei den Stra\u00dfen-Europameisterschaften in Zeeland (Niederlande): Der\u00a0Pfundser Alexander Wachter -in den Diensten des \u00d6AMTC RAIKA KLEIDERMAIR ASV INZING-\u00a0eroberte heute den Europameistertitel! Der erstj\u00e4hrige Junior setzte sich im Sprint einer vierk\u00f6pfigen Spitzengruppe durch. <\/strong><\/p>\n<p>F\u00fcnf Junioren nahmen heute das 129 Kilometer lange EM-Stra\u00dfenrennen in Angriff. &#8222;Es war ein komplett flacher, technisch aber sehr anspruchsvoller, winkeliger und vor allem windiger Kurs. 180 Starter waren dabei und vor allem in der ersten H\u00e4lfte des Rennens kam es zu vielen Massenst\u00fcrzen&#8220;, so Junioren-Nationaltrainer Jure Pavlic. Den ersten Akzent setzte Tobias Derler, der sich in der dritten Runde absetzen konnte. Nachdem er gestellt wurde, bildete sich eine vierk\u00f6pfige Spitzengruppe. In der vorletzten von sechs Runden schaffte Wachter mit f\u00fcnf Kollegen den Anschluss und mit 30 Sekunden Vorsprung gings in die letzte Runde. &#8222;Danach teilte sich die Spitzengruppe erneut, Alexander konnte sich mit drei Konkurrenten absetzen. Durch das taktische Gepl\u00e4nkel auf den letzten Metern wurden die F\u00fchrenden fast noch geholt. Sie retteten aber zehn Sekunden ins Ziel und Alex feierte einen tollen Sprintsieg. F\u00fcr mich kommt dieser Erfolg nicht \u00fcberraschend. Auch wenn er zu den erstj\u00e4hrigen Junioren geh\u00f6rt, feierte er international schon tolle Erfolge. Wie heuer bei der Trofeo Karlsberg (geh\u00f6rt zum Nations Cup, Anm.), wo er sich die letzte Etappe im Massensprint sicherte&#8220;, beschreibt Pavlic.<\/p>\n<p><strong>Wachter 1. \u00f6sterreichischer Rad-Europameister<\/strong><br \/>\nSeit 1995 werden Europameiserschaften in den Kategorien U23 und Junioren ausgetragen. Noch nie schaffte es ein \u00d6sterreicher dabei aufs Podest. Bekannte Namen, wie \u00d6sterreich Rundfahrtssieger Michael Albasini, Mirko Celestino, Giovanni Visconti oder Frantisek Rabon oder bei den Damen Olympiasiegerin Marianne Vos, holten EM-Gold. Jetzt tr\u00e4gt sich auch Alexander Wachter in diese Goldliste ein. &#8222;F\u00fcr uns ist das ein sensationeller Erfolg. Sein gro\u00dfes Talent als hervorragender Radfahrer und Top-Sprinter hat Alexander schon \u00f6fter unter Beweis gestellt. Im letzten Jahr hat er zB bei der Jugend-Olympiade die Silbermedaille gewonnen. Aber jetzt diesen Europameistertitel als erstj\u00e4hriger Junior zu gewinnen ist eine ganz tolle Leistung&#8220;, freut sich auch \u00d6RV-Generalsekret\u00e4r Rudolf Massak.<\/p>\n","protected":false},"excerpt":{"rendered":"<p>\u00a0 &nbsp; Gro\u00dfartiger Erfolg f\u00fcr den Tiroler Radsport bei den Stra\u00dfen-Europameisterschaften in Zeeland (Niederlande): Der\u00a0Pfundser Alexander Wachter -in den Diensten des \u00d6AMTC RAIKA KLEIDERMAIR ASV INZING-\u00a0eroberte heute den Europameistertitel! Der erstj\u00e4hrige Junior setzte sich im Sprint einer vierk\u00f6pfigen Spitzengruppe durch. F\u00fcnf Junioren nahmen heute das 129 Kilometer lange EM-Stra\u00dfenrennen in Angriff. &#8222;Es war ein komplett&hellip;&nbsp;<a href=\"https:\/\/rad.asvi.at\/?p=2196\" class=\"\" rel=\"bookmark\">Weiterlesen &raquo;<span class=\"screen-reader-text\">Alexander Wachter gewinnt Europameistertitel!<\/span><\/a><\/p>\n","protected":false},"author":2,"featured_media":2216,"comment_status":"open","ping_status":"closed","sticky":false,"template":"","format":"standard","meta":{"neve_meta_sidebar":"","neve_meta_container":"","neve_meta_enable_content_width":"","neve_meta_content_width":0,"neve_meta_title_alignment":"","neve_meta_author_avatar":"","neve_post_elements_order":"","neve_meta_disable_header":"","neve_meta_disable_footer":"","neve_meta_disable_title":"","footnotes":""},"categories":[9,11],"tags":[],"class_list":["post-2196","post","type-post","status-publish","format-standard","has-post-thumbnail","hentry","category-allgemein","category-rennsport"],"featured_image_urls":{"full":"","thumbnail":"","medium":"","medium_large":"","large":"","xl":"","xxl":"","xxxl":"","xxxxl":"","xxxxxl":"","1536x1536":"","2048x2048":"","neve-blog":""},"post_excerpt_stackable":"<p>\u00a0 &nbsp; Gro\u00dfartiger Erfolg f\u00fcr den Tiroler Radsport bei den Stra\u00dfen-Europameisterschaften in Zeeland (Niederlande): Der\u00a0Pfundser Alexander Wachter -in den Diensten des \u00d6AMTC RAIKA KLEIDERMAIR ASV INZING-\u00a0eroberte heute den Europameistertitel! Der erstj\u00e4hrige Junior setzte sich im Sprint einer vierk\u00f6pfigen Spitzengruppe durch. F\u00fcnf Junioren nahmen heute das 129 Kilometer lange EM-Stra\u00dfenrennen in Angriff. &#8222;Es war ein komplett flacher, technisch aber sehr anspruchsvoller, winkeliger und vor allem windiger Kurs. 180 Starter waren dabei und vor allem in der ersten H\u00e4lfte des Rennens kam es zu vielen Massenst\u00fcrzen&#8220;, so Junioren-Nationaltrainer Jure Pavlic. Den ersten Akzent setzte Tobias Derler, der sich in der dritten Runde&hellip;<\/p>\n","category_list":"<a href=\"https:\/\/rad.asvi.at\/?cat=9\" rel=\"category\">Allgemein<\/a>, <a href=\"https:\/\/rad.asvi.at\/?cat=11\" rel=\"category\">Rennsport<\/a>","author_info":{"name":"Roman","url":"https:\/\/rad.asvi.at\/?author=2"},"comments_num":"0 comments","_links":{"self":[{"href":"https:\/\/rad.asvi.at\/index.php?rest_route=\/wp\/v2\/posts\/2196","targetHints":{"allow":["GET"]}}],"collection":[{"href":"https:\/\/rad.asvi.at\/index.php?rest_route=\/wp\/v2\/posts"}],"about":[{"href":"https:\/\/rad.asvi.at\/index.php?rest_route=\/wp\/v2\/types\/post"}],"author":[{"embeddable":true,"href":"https:\/\/rad.asvi.at\/index.php?rest_route=\/wp\/v2\/users\/2"}],"replies":[{"embeddable":true,"href":"https:\/\/rad.asvi.at\/index.php?rest_route=%2Fwp%2Fv2%2Fcomments&post=2196"}],"version-history":[{"count":0,"href":"https:\/\/rad.asvi.at\/index.php?rest_route=\/wp\/v2\/posts\/2196\/revisions"}],"wp:featuredmedia":[{"embeddable":true,"href":"https:\/\/rad.asvi.at\/index.php?rest_route=\/"}],"wp:attachment":[{"href":"https:\/\/rad.asvi.at\/index.php?rest_route=%2Fwp%2Fv2%2Fmedia&parent=2196"}],"wp:term":[{"taxonomy":"category","embeddable":true,"href":"https:\/\/rad.asvi.at\/index.php?rest_route=%2Fwp%2Fv2%2Fcategories&post=2196"},{"taxonomy":"post_tag","embeddable":true,"href":"https:\/\/rad.asvi.at\/index.php?rest_route=%2Fwp%2Fv2%2Ftags&post=2196"}],"curies":[{"name":"wp","href":"https:\/\/api.w.org\/{rel}","templated":true}]}}