{"id":2241,"date":"2012-09-07T17:48:54","date_gmt":"2012-09-07T15:48:54","guid":{"rendered":"http:\/\/www.radclub-inzing.at\/?p=2241"},"modified":"2012-09-07T17:48:54","modified_gmt":"2012-09-07T15:48:54","slug":"berchtesgadener-land-18-08-2012","status":"publish","type":"post","link":"https:\/\/rad.asvi.at\/?p=2241","title":{"rendered":"Berchtesgadener Land 18.08.2012"},"content":{"rendered":"<p><a href=\"http:\/\/www.radclub-inzing.at\/?attachment_id=2263\" rel=\"attachment wp-att-2263\"><img loading=\"lazy\" decoding=\"async\" class=\"alignnone  wp-image-2263\" title=\"P8198678\" src=\"http:\/\/www.radclub-inzing.at\/wp-content\/uploads\/2012\/09\/P8198678-160x160.jpg\" alt=\"\" width=\"160\" height=\"160\" \/><\/a>Gut gelaunt erfolgte der Start\u00a0in Schneizelreuth. Auf der sch\u00f6nen aber viel befahrenen Stra\u00dfe ging es \u00fcber Inzell nach Teisendorf. Die weiteren Stationen bis zur Einkehr waren: Piddingerau &#8211; Walserberg &#8211; F\u00fcrstenbrunn &#8211; Gr\u00f6dig. Nach dem Essen\u00a0fuhren wir in\u00a0Richtung Unterau, wo Peter die glorreiche Idee hatte \u00fcber Oberau (steil aber sch\u00f6n) nach Berchtesgaden zu fahren. Die weiblichen Teilnehmer waren wenig erfreut und mu\u00dften das &#8222;Letzte&#8220; geben.\u00a0 Bei der steilen Abfahrt in Richtung Berchtesgaden, hatte Florian am Vorderrad einen Reifenplatzer und st\u00fcrzte. Zum Gl\u00fcck hatte\u00a0er\u00a0nur Hautabsch\u00fcrfungen und Prellungen. Die Felge des Vorderrades war aber\u00a0auch kaputt. Florian kehrte inzwischen mit Irmgard als Begleitung im n\u00e4chstgelegenen Gasthaus ein\u00a0und wir fuhren \u00fcber den Schwarzbachwacht-Sattel (868 hm) in Richtung Ziel nach Schneizelreuth.<\/p>\n<p>Zusammenfassung: 123 km \/ 1633 Hm<\/p>\n<p>Teilnehmer: 10 Personen<\/p>\n<p>&nbsp;<\/p>\n","protected":false},"excerpt":{"rendered":"<p>Gut gelaunt erfolgte der Start\u00a0in Schneizelreuth. Auf der sch\u00f6nen aber viel befahrenen Stra\u00dfe ging es \u00fcber Inzell nach Teisendorf. Die weiteren Stationen bis zur Einkehr waren: Piddingerau &#8211; Walserberg &#8211; F\u00fcrstenbrunn &#8211; Gr\u00f6dig. Nach dem Essen\u00a0fuhren wir in\u00a0Richtung Unterau, wo Peter die glorreiche Idee hatte \u00fcber Oberau (steil aber sch\u00f6n) nach Berchtesgaden zu fahren. Die&hellip;&nbsp;<a href=\"https:\/\/rad.asvi.at\/?p=2241\" class=\"\" rel=\"bookmark\">Weiterlesen &raquo;<span class=\"screen-reader-text\">Berchtesgadener Land 18.08.2012<\/span><\/a><\/p>\n","protected":false},"author":2,"featured_media":2263,"comment_status":"open","ping_status":"closed","sticky":false,"template":"","format":"standard","meta":{"neve_meta_sidebar":"","neve_meta_container":"","neve_meta_enable_content_width":"","neve_meta_content_width":0,"neve_meta_title_alignment":"","neve_meta_author_avatar":"","neve_post_elements_order":"","neve_meta_disable_header":"","neve_meta_disable_footer":"","neve_meta_disable_title":"","footnotes":""},"categories":[9,10],"tags":[],"class_list":["post-2241","post","type-post","status-publish","format-standard","has-post-thumbnail","hentry","category-allgemein","category-hobbysport"],"featured_image_urls":{"full":"","thumbnail":"","medium":"","medium_large":"","large":"","xl":"","xxl":"","xxxl":"","xxxxl":"","xxxxxl":"","1536x1536":"","2048x2048":"","neve-blog":""},"post_excerpt_stackable":"<p>Gut gelaunt erfolgte der Start\u00a0in Schneizelreuth. Auf der sch\u00f6nen aber viel befahrenen Stra\u00dfe ging es \u00fcber Inzell nach Teisendorf. Die weiteren Stationen bis zur Einkehr waren: Piddingerau &#8211; Walserberg &#8211; F\u00fcrstenbrunn &#8211; Gr\u00f6dig. Nach dem Essen\u00a0fuhren wir in\u00a0Richtung Unterau, wo Peter die glorreiche Idee hatte \u00fcber Oberau (steil aber sch\u00f6n) nach Berchtesgaden zu fahren. Die weiblichen Teilnehmer waren wenig erfreut und mu\u00dften das &#8222;Letzte&#8220; geben.\u00a0 Bei der steilen Abfahrt in Richtung Berchtesgaden, hatte Florian am Vorderrad einen Reifenplatzer und st\u00fcrzte. Zum Gl\u00fcck hatte\u00a0er\u00a0nur Hautabsch\u00fcrfungen und Prellungen. Die Felge des Vorderrades war aber\u00a0auch kaputt. Florian kehrte inzwischen mit Irmgard als Begleitung&hellip;<\/p>\n","category_list":"<a href=\"https:\/\/rad.asvi.at\/?cat=9\" rel=\"category\">Allgemein<\/a>, <a href=\"https:\/\/rad.asvi.at\/?cat=10\" rel=\"category\">Hobbysport<\/a>","author_info":{"name":"Roman","url":"https:\/\/rad.asvi.at\/?author=2"},"comments_num":"0 comments","_links":{"self":[{"href":"https:\/\/rad.asvi.at\/index.php?rest_route=\/wp\/v2\/posts\/2241","targetHints":{"allow":["GET"]}}],"collection":[{"href":"https:\/\/rad.asvi.at\/index.php?rest_route=\/wp\/v2\/posts"}],"about":[{"href":"https:\/\/rad.asvi.at\/index.php?rest_route=\/wp\/v2\/types\/post"}],"author":[{"embeddable":true,"href":"https:\/\/rad.asvi.at\/index.php?rest_route=\/wp\/v2\/users\/2"}],"replies":[{"embeddable":true,"href":"https:\/\/rad.asvi.at\/index.php?rest_route=%2Fwp%2Fv2%2Fcomments&post=2241"}],"version-history":[{"count":0,"href":"https:\/\/rad.asvi.at\/index.php?rest_route=\/wp\/v2\/posts\/2241\/revisions"}],"wp:featuredmedia":[{"embeddable":true,"href":"https:\/\/rad.asvi.at\/index.php?rest_route=\/"}],"wp:attachment":[{"href":"https:\/\/rad.asvi.at\/index.php?rest_route=%2Fwp%2Fv2%2Fmedia&parent=2241"}],"wp:term":[{"taxonomy":"category","embeddable":true,"href":"https:\/\/rad.asvi.at\/index.php?rest_route=%2Fwp%2Fv2%2Fcategories&post=2241"},{"taxonomy":"post_tag","embeddable":true,"href":"https:\/\/rad.asvi.at\/index.php?rest_route=%2Fwp%2Fv2%2Ftags&post=2241"}],"curies":[{"name":"wp","href":"https:\/\/api.w.org\/{rel}","templated":true}]}}