{"id":2281,"date":"2012-09-10T20:40:14","date_gmt":"2012-09-10T18:40:14","guid":{"rendered":"http:\/\/www.radclub-inzing.at\/?p=2281"},"modified":"2012-09-10T20:40:14","modified_gmt":"2012-09-10T18:40:14","slug":"zillergrundl-09-09-2012","status":"publish","type":"post","link":"https:\/\/rad.asvi.at\/?p=2281","title":{"rendered":"Zillergr\u00fcndl 09.09.2012"},"content":{"rendered":"<p>Der Start erfolgte bei wolkenlosen Wetter in Strass i. Zillertal. Die Strecke f\u00fchrte\u00a0uns \u00fcber Schlitters &#8211; F\u00fcgen &#8211;\u00a0Ried bis nach Mayrhofen. Dort folgten wir der Beschilderung\u00a0&#8222;Zillergr\u00fcndl&#8220;.\u00a0Nach etwa 500 Meter tat sich vor\u00a0uns ein herrliches Tal auf !!\u00a0Wir fuhren auf einer Mautstra\u00dfe entlang des Zillers bis zum Gasthof Au. Von dort\u00a0bis zum\u00a0Speicher (Seeh\u00f6he ca 1900 Hm) ben\u00f6tigt man auf jedenfall f\u00fcr die langen, dunklen und kalten Tunnels, die\u00a0zum\u00a0Speicher f\u00fchren, eine gute Beleuchtung. Die Sch\u00f6nheit des Tales und des Speichersees entsch\u00e4digte uns f\u00fcr den anstrengenden Anstieg.<\/p>\n<p>Zusammenfassung: 115 km \/ 1547 Hm<\/p>\n<p>Teilnehmer: 9 Teilnehmer<\/p>\n","protected":false},"excerpt":{"rendered":"<p>Der Start erfolgte bei wolkenlosen Wetter in Strass i. Zillertal. Die Strecke f\u00fchrte\u00a0uns \u00fcber Schlitters &#8211; F\u00fcgen &#8211;\u00a0Ried bis nach Mayrhofen. Dort folgten wir der Beschilderung\u00a0&#8222;Zillergr\u00fcndl&#8220;.\u00a0Nach etwa 500 Meter tat sich vor\u00a0uns ein herrliches Tal auf !!\u00a0Wir fuhren auf einer Mautstra\u00dfe entlang des Zillers bis zum Gasthof Au. Von dort\u00a0bis zum\u00a0Speicher (Seeh\u00f6he ca 1900 Hm)&hellip;&nbsp;<a href=\"https:\/\/rad.asvi.at\/?p=2281\" class=\"\" rel=\"bookmark\">Weiterlesen &raquo;<span class=\"screen-reader-text\">Zillergr\u00fcndl 09.09.2012<\/span><\/a><\/p>\n","protected":false},"author":2,"featured_media":2304,"comment_status":"open","ping_status":"closed","sticky":false,"template":"","format":"standard","meta":{"neve_meta_sidebar":"","neve_meta_container":"","neve_meta_enable_content_width":"","neve_meta_content_width":0,"neve_meta_title_alignment":"","neve_meta_author_avatar":"","neve_post_elements_order":"","neve_meta_disable_header":"","neve_meta_disable_footer":"","neve_meta_disable_title":"","footnotes":""},"categories":[10],"tags":[],"class_list":["post-2281","post","type-post","status-publish","format-standard","has-post-thumbnail","hentry","category-hobbysport"],"featured_image_urls":{"full":"","thumbnail":"","medium":"","medium_large":"","large":"","xl":"","xxl":"","xxxl":"","xxxxl":"","xxxxxl":"","1536x1536":"","2048x2048":"","neve-blog":""},"post_excerpt_stackable":"<p>Der Start erfolgte bei wolkenlosen Wetter in Strass i. Zillertal. Die Strecke f\u00fchrte\u00a0uns \u00fcber Schlitters &#8211; F\u00fcgen &#8211;\u00a0Ried bis nach Mayrhofen. Dort folgten wir der Beschilderung\u00a0&#8222;Zillergr\u00fcndl&#8220;.\u00a0Nach etwa 500 Meter tat sich vor\u00a0uns ein herrliches Tal auf !!\u00a0Wir fuhren auf einer Mautstra\u00dfe entlang des Zillers bis zum Gasthof Au. Von dort\u00a0bis zum\u00a0Speicher (Seeh\u00f6he ca 1900 Hm) ben\u00f6tigt man auf jedenfall f\u00fcr die langen, dunklen und kalten Tunnels, die\u00a0zum\u00a0Speicher f\u00fchren, eine gute Beleuchtung. Die Sch\u00f6nheit des Tales und des Speichersees entsch\u00e4digte uns f\u00fcr den anstrengenden Anstieg. Zusammenfassung: 115 km \/ 1547 Hm Teilnehmer: 9 Teilnehmer<\/p>\n","category_list":"<a href=\"https:\/\/rad.asvi.at\/?cat=10\" rel=\"category\">Hobbysport<\/a>","author_info":{"name":"Roman","url":"https:\/\/rad.asvi.at\/?author=2"},"comments_num":"0 comments","_links":{"self":[{"href":"https:\/\/rad.asvi.at\/index.php?rest_route=\/wp\/v2\/posts\/2281","targetHints":{"allow":["GET"]}}],"collection":[{"href":"https:\/\/rad.asvi.at\/index.php?rest_route=\/wp\/v2\/posts"}],"about":[{"href":"https:\/\/rad.asvi.at\/index.php?rest_route=\/wp\/v2\/types\/post"}],"author":[{"embeddable":true,"href":"https:\/\/rad.asvi.at\/index.php?rest_route=\/wp\/v2\/users\/2"}],"replies":[{"embeddable":true,"href":"https:\/\/rad.asvi.at\/index.php?rest_route=%2Fwp%2Fv2%2Fcomments&post=2281"}],"version-history":[{"count":0,"href":"https:\/\/rad.asvi.at\/index.php?rest_route=\/wp\/v2\/posts\/2281\/revisions"}],"wp:featuredmedia":[{"embeddable":true,"href":"https:\/\/rad.asvi.at\/index.php?rest_route=\/"}],"wp:attachment":[{"href":"https:\/\/rad.asvi.at\/index.php?rest_route=%2Fwp%2Fv2%2Fmedia&parent=2281"}],"wp:term":[{"taxonomy":"category","embeddable":true,"href":"https:\/\/rad.asvi.at\/index.php?rest_route=%2Fwp%2Fv2%2Fcategories&post=2281"},{"taxonomy":"post_tag","embeddable":true,"href":"https:\/\/rad.asvi.at\/index.php?rest_route=%2Fwp%2Fv2%2Ftags&post=2281"}],"curies":[{"name":"wp","href":"https:\/\/api.w.org\/{rel}","templated":true}]}}