{"id":2387,"date":"2012-09-18T22:59:43","date_gmt":"2012-09-18T20:59:43","guid":{"rendered":"http:\/\/www.radclub-inzing.at\/?p=2387"},"modified":"2012-09-18T22:59:43","modified_gmt":"2012-09-18T20:59:43","slug":"alexander-wachter-zur-rad-wm","status":"publish","type":"post","link":"https:\/\/rad.asvi.at\/?p=2387","title":{"rendered":"Alexander Wachter zur Rad-WM!"},"content":{"rendered":"<p><a href=\"http:\/\/www.radclub-inzing.at\/?attachment_id=2393\" rel=\"attachment wp-att-2393\"><img loading=\"lazy\" decoding=\"async\" class=\"alignnone size-medium wp-image-2393\" title=\"Alex-EM-12-3\" src=\"http:\/\/www.radclub-inzing.at\/wp-content\/uploads\/2012\/09\/Alex-EM-12-3-222x300.jpg\" alt=\"\" width=\"222\" height=\"300\" \/><\/a><\/p>\n<p>Der amtierende Europameister <strong><em>Alexander Wachter<\/em><\/strong> (<strong>\u00d6amtc Raika Kleidermair Inzing<\/strong>) bricht am Mi gemeinsam mit dem \u00d6sterreichischen Juniorennationalteam zur <strong>Strassenradweltmeisterschaft nach Holland<\/strong> auf. Diese findet, wie auch das Rennen der Profis am So den 23. September in Valkenburg (Region Limburg) statt.<\/p>\n<p>Auch der Kurs ist derselbe wie die Schlussrunde bei den \u201eGro\u00dfen\u201c, bekannt durch den UCI-Klassiker Amstel Gold Race! Im16,5km langen Parcours sind zwei Steigungen zu erw\u00e4hnen, der Bemelerberg (ein schwerer, schlingenhafter Anstieg von ca. 900 Metern und mit einem maximalen Steigungsprozent von 7 %) und der ber\u00fchmte Cauberg (mit einer totalen L\u00e4nge von 1,5 Kilometern und maximal 12 % Steigung). 1,5 Kilometer hinter der Spitze des Caubergs liegt das Ziel. Die Junioren haben 8 Runden zu bew\u00e4ltigen.<\/p>\n<p>\u00a0Dieser Kurs ist damit nicht zu vergleichen mit den Europameisterschaften (ebenf. in Holland), der sehr viel flacher war. Wachter gilt aber auch als exzellenter Kletterer \u2013 \u201eschauen wir einmal was da m\u00f6glich ist\u201c \u2013 v.a. kann er unbeschwert und ohne viel Druck seine erste WM bestreiten \u2013 er hat ja als erstj\u00e4hriger Junior mit dem Europameistertitel heuer schon au\u00dfergew\u00f6hnliches erreicht!<\/p>\n","protected":false},"excerpt":{"rendered":"<p>Der amtierende Europameister Alexander Wachter (\u00d6amtc Raika Kleidermair Inzing) bricht am Mi gemeinsam mit dem \u00d6sterreichischen Juniorennationalteam zur Strassenradweltmeisterschaft nach Holland auf. Diese findet, wie auch das Rennen der Profis am So den 23. September in Valkenburg (Region Limburg) statt. Auch der Kurs ist derselbe wie die Schlussrunde bei den \u201eGro\u00dfen\u201c, bekannt durch den UCI-Klassiker&hellip;&nbsp;<a href=\"https:\/\/rad.asvi.at\/?p=2387\" class=\"\" rel=\"bookmark\">Weiterlesen &raquo;<span class=\"screen-reader-text\">Alexander Wachter zur Rad-WM!<\/span><\/a><\/p>\n","protected":false},"author":2,"featured_media":2388,"comment_status":"open","ping_status":"closed","sticky":false,"template":"","format":"standard","meta":{"neve_meta_sidebar":"","neve_meta_container":"","neve_meta_enable_content_width":"","neve_meta_content_width":0,"neve_meta_title_alignment":"","neve_meta_author_avatar":"","neve_post_elements_order":"","neve_meta_disable_header":"","neve_meta_disable_footer":"","neve_meta_disable_title":"","footnotes":""},"categories":[9,11],"tags":[],"class_list":["post-2387","post","type-post","status-publish","format-standard","has-post-thumbnail","hentry","category-allgemein","category-rennsport"],"featured_image_urls":{"full":"","thumbnail":"","medium":"","medium_large":"","large":"","xl":"","xxl":"","xxxl":"","xxxxl":"","xxxxxl":"","1536x1536":"","2048x2048":"","neve-blog":""},"post_excerpt_stackable":"<p>Der amtierende Europameister Alexander Wachter (\u00d6amtc Raika Kleidermair Inzing) bricht am Mi gemeinsam mit dem \u00d6sterreichischen Juniorennationalteam zur Strassenradweltmeisterschaft nach Holland auf. Diese findet, wie auch das Rennen der Profis am So den 23. September in Valkenburg (Region Limburg) statt. Auch der Kurs ist derselbe wie die Schlussrunde bei den \u201eGro\u00dfen\u201c, bekannt durch den UCI-Klassiker Amstel Gold Race! Im16,5km langen Parcours sind zwei Steigungen zu erw\u00e4hnen, der Bemelerberg (ein schwerer, schlingenhafter Anstieg von ca. 900 Metern und mit einem maximalen Steigungsprozent von 7 %) und der ber\u00fchmte Cauberg (mit einer totalen L\u00e4nge von 1,5 Kilometern und maximal 12 % Steigung).&hellip;<\/p>\n","category_list":"<a href=\"https:\/\/rad.asvi.at\/?cat=9\" rel=\"category\">Allgemein<\/a>, <a href=\"https:\/\/rad.asvi.at\/?cat=11\" rel=\"category\">Rennsport<\/a>","author_info":{"name":"Roman","url":"https:\/\/rad.asvi.at\/?author=2"},"comments_num":"0 comments","_links":{"self":[{"href":"https:\/\/rad.asvi.at\/index.php?rest_route=\/wp\/v2\/posts\/2387","targetHints":{"allow":["GET"]}}],"collection":[{"href":"https:\/\/rad.asvi.at\/index.php?rest_route=\/wp\/v2\/posts"}],"about":[{"href":"https:\/\/rad.asvi.at\/index.php?rest_route=\/wp\/v2\/types\/post"}],"author":[{"embeddable":true,"href":"https:\/\/rad.asvi.at\/index.php?rest_route=\/wp\/v2\/users\/2"}],"replies":[{"embeddable":true,"href":"https:\/\/rad.asvi.at\/index.php?rest_route=%2Fwp%2Fv2%2Fcomments&post=2387"}],"version-history":[{"count":0,"href":"https:\/\/rad.asvi.at\/index.php?rest_route=\/wp\/v2\/posts\/2387\/revisions"}],"wp:featuredmedia":[{"embeddable":true,"href":"https:\/\/rad.asvi.at\/index.php?rest_route=\/"}],"wp:attachment":[{"href":"https:\/\/rad.asvi.at\/index.php?rest_route=%2Fwp%2Fv2%2Fmedia&parent=2387"}],"wp:term":[{"taxonomy":"category","embeddable":true,"href":"https:\/\/rad.asvi.at\/index.php?rest_route=%2Fwp%2Fv2%2Fcategories&post=2387"},{"taxonomy":"post_tag","embeddable":true,"href":"https:\/\/rad.asvi.at\/index.php?rest_route=%2Fwp%2Fv2%2Ftags&post=2387"}],"curies":[{"name":"wp","href":"https:\/\/api.w.org\/{rel}","templated":true}]}}