{"id":2413,"date":"2012-09-19T20:58:05","date_gmt":"2012-09-19T18:58:05","guid":{"rendered":"http:\/\/www.radclub-inzing.at\/?p=2413"},"modified":"2012-09-19T20:58:05","modified_gmt":"2012-09-19T18:58:05","slug":"lukas-grieser-in-mieming-mit-dem-mtb-erfolgreich","status":"publish","type":"post","link":"https:\/\/rad.asvi.at\/?p=2413","title":{"rendered":"Lukas Grie\u00dfer in Mieming mit dem MTB erfolgreich!"},"content":{"rendered":"<div>Am Samstag bestritt Lukas (U11)\u00a0das vorletzte Rennen\u00a0des Tiroler Versicherungscups 2012\/MTB.<\/div>\n<div>Das Rennen ging \u00fcber 4 Runden mit schwierigen,nassen Waldpassagen.Leider musste Lukas in der 3.Runde beim Zielanstieg wegen Gedr\u00e4nge vom Rad und verlor 2 Pl\u00e4tze. Er wurde immerhin noch 11 und arbeitet sich stetig nach vorne!<\/div>\n<div>In der Cupwertung liegt er derzeit\u00a0auf dem ausgezeichneten\u00a09. Rang!<\/div>\n","protected":false},"excerpt":{"rendered":"<p>Am Samstag bestritt Lukas (U11)\u00a0das vorletzte Rennen\u00a0des Tiroler Versicherungscups 2012\/MTB. Das Rennen ging \u00fcber 4 Runden mit schwierigen,nassen Waldpassagen.Leider musste Lukas in der 3.Runde beim Zielanstieg wegen Gedr\u00e4nge vom Rad und verlor 2 Pl\u00e4tze. Er wurde immerhin noch 11 und arbeitet sich stetig nach vorne! In der Cupwertung liegt er derzeit\u00a0auf dem ausgezeichneten\u00a09. Rang!<\/p>\n","protected":false},"author":2,"featured_media":2401,"comment_status":"open","ping_status":"closed","sticky":false,"template":"","format":"standard","meta":{"neve_meta_sidebar":"","neve_meta_container":"","neve_meta_enable_content_width":"","neve_meta_content_width":0,"neve_meta_title_alignment":"","neve_meta_author_avatar":"","neve_post_elements_order":"","neve_meta_disable_header":"","neve_meta_disable_footer":"","neve_meta_disable_title":"","footnotes":""},"categories":[9,11],"tags":[],"class_list":["post-2413","post","type-post","status-publish","format-standard","has-post-thumbnail","hentry","category-allgemein","category-rennsport"],"featured_image_urls":{"full":"","thumbnail":"","medium":"","medium_large":"","large":"","xl":"","xxl":"","xxxl":"","xxxxl":"","xxxxxl":"","1536x1536":"","2048x2048":"","neve-blog":""},"post_excerpt_stackable":"<p>Am Samstag bestritt Lukas (U11)\u00a0das vorletzte Rennen\u00a0des Tiroler Versicherungscups 2012\/MTB. Das Rennen ging \u00fcber 4 Runden mit schwierigen,nassen Waldpassagen.Leider musste Lukas in der 3.Runde beim Zielanstieg wegen Gedr\u00e4nge vom Rad und verlor 2 Pl\u00e4tze. Er wurde immerhin noch 11 und arbeitet sich stetig nach vorne! In der Cupwertung liegt er derzeit\u00a0auf dem ausgezeichneten\u00a09. Rang!<\/p>\n","category_list":"<a href=\"https:\/\/rad.asvi.at\/?cat=9\" rel=\"category\">Allgemein<\/a>, <a href=\"https:\/\/rad.asvi.at\/?cat=11\" rel=\"category\">Rennsport<\/a>","author_info":{"name":"Roman","url":"https:\/\/rad.asvi.at\/?author=2"},"comments_num":"0 comments","_links":{"self":[{"href":"https:\/\/rad.asvi.at\/index.php?rest_route=\/wp\/v2\/posts\/2413","targetHints":{"allow":["GET"]}}],"collection":[{"href":"https:\/\/rad.asvi.at\/index.php?rest_route=\/wp\/v2\/posts"}],"about":[{"href":"https:\/\/rad.asvi.at\/index.php?rest_route=\/wp\/v2\/types\/post"}],"author":[{"embeddable":true,"href":"https:\/\/rad.asvi.at\/index.php?rest_route=\/wp\/v2\/users\/2"}],"replies":[{"embeddable":true,"href":"https:\/\/rad.asvi.at\/index.php?rest_route=%2Fwp%2Fv2%2Fcomments&post=2413"}],"version-history":[{"count":0,"href":"https:\/\/rad.asvi.at\/index.php?rest_route=\/wp\/v2\/posts\/2413\/revisions"}],"wp:featuredmedia":[{"embeddable":true,"href":"https:\/\/rad.asvi.at\/index.php?rest_route=\/"}],"wp:attachment":[{"href":"https:\/\/rad.asvi.at\/index.php?rest_route=%2Fwp%2Fv2%2Fmedia&parent=2413"}],"wp:term":[{"taxonomy":"category","embeddable":true,"href":"https:\/\/rad.asvi.at\/index.php?rest_route=%2Fwp%2Fv2%2Fcategories&post=2413"},{"taxonomy":"post_tag","embeddable":true,"href":"https:\/\/rad.asvi.at\/index.php?rest_route=%2Fwp%2Fv2%2Ftags&post=2413"}],"curies":[{"name":"wp","href":"https:\/\/api.w.org\/{rel}","templated":true}]}}