{"id":2419,"date":"2012-09-21T23:11:59","date_gmt":"2012-09-21T21:11:59","guid":{"rendered":"http:\/\/www.radclub-inzing.at\/?p=2419"},"modified":"2012-09-21T23:11:59","modified_gmt":"2012-09-21T21:11:59","slug":"alexander-wachter-bei-seiner-1-wm","status":"publish","type":"post","link":"https:\/\/rad.asvi.at\/?p=2419","title":{"rendered":"Alexander Wachter bei seiner 1. WM!"},"content":{"rendered":"<p><strong>Alexander Wachter<\/strong> ist bereits seit Mi mit dem Nationalteam in Holland (Valkenburg) und bestreitet am So <strong>23.09.<\/strong> seine erste Rad-Weltmeisterschaft (Junioren)! \u00a0Als amtierender Europameister geh\u00f6rt er nat\u00fcrlich auch f\u00fcr die WM zum Kreis der Faforiten! Der Kurs ist allerdings um einiges schwerer als bei der Europameisterschaft. Alexander kann aber -als erstj\u00e4hriger Junior-\u00a0v\u00f6llig ohne Druck in dieses Rennen starten.<\/p>\n<p><strong>EUROSPORT<\/strong> \u00fcbertr\u00e4gt \u00fcbrigens\u00a01 Stunde lang ab <strong>14:00<\/strong> Uhr das Rennen der Junioren! Also vor den Fernseher und fest die Daumen dr\u00fccken!! (Ich dr\u00fccke sie mit einer kleinen Fangemeinde sogar vor Ort!)<\/p>\n<p>&nbsp;<\/p>\n","protected":false},"excerpt":{"rendered":"<p>Alexander Wachter ist bereits seit Mi mit dem Nationalteam in Holland (Valkenburg) und bestreitet am So 23.09. seine erste Rad-Weltmeisterschaft (Junioren)! \u00a0Als amtierender Europameister geh\u00f6rt er nat\u00fcrlich auch f\u00fcr die WM zum Kreis der Faforiten! Der Kurs ist allerdings um einiges schwerer als bei der Europameisterschaft. Alexander kann aber -als erstj\u00e4hriger Junior-\u00a0v\u00f6llig ohne Druck in&hellip;&nbsp;<a href=\"https:\/\/rad.asvi.at\/?p=2419\" class=\"\" rel=\"bookmark\">Weiterlesen &raquo;<span class=\"screen-reader-text\">Alexander Wachter bei seiner 1. WM!<\/span><\/a><\/p>\n","protected":false},"author":2,"featured_media":2420,"comment_status":"open","ping_status":"closed","sticky":false,"template":"","format":"standard","meta":{"neve_meta_sidebar":"","neve_meta_container":"","neve_meta_enable_content_width":"","neve_meta_content_width":0,"neve_meta_title_alignment":"","neve_meta_author_avatar":"","neve_post_elements_order":"","neve_meta_disable_header":"","neve_meta_disable_footer":"","neve_meta_disable_title":"","footnotes":""},"categories":[9,11],"tags":[],"class_list":["post-2419","post","type-post","status-publish","format-standard","has-post-thumbnail","hentry","category-allgemein","category-rennsport"],"featured_image_urls":{"full":"","thumbnail":"","medium":"","medium_large":"","large":"","xl":"","xxl":"","xxxl":"","xxxxl":"","xxxxxl":"","1536x1536":"","2048x2048":"","neve-blog":""},"post_excerpt_stackable":"<p>Alexander Wachter ist bereits seit Mi mit dem Nationalteam in Holland (Valkenburg) und bestreitet am So 23.09. seine erste Rad-Weltmeisterschaft (Junioren)! \u00a0Als amtierender Europameister geh\u00f6rt er nat\u00fcrlich auch f\u00fcr die WM zum Kreis der Faforiten! Der Kurs ist allerdings um einiges schwerer als bei der Europameisterschaft. Alexander kann aber -als erstj\u00e4hriger Junior-\u00a0v\u00f6llig ohne Druck in dieses Rennen starten. EUROSPORT \u00fcbertr\u00e4gt \u00fcbrigens\u00a01 Stunde lang ab 14:00 Uhr das Rennen der Junioren! Also vor den Fernseher und fest die Daumen dr\u00fccken!! (Ich dr\u00fccke sie mit einer kleinen Fangemeinde sogar vor Ort!) &nbsp;<\/p>\n","category_list":"<a href=\"https:\/\/rad.asvi.at\/?cat=9\" rel=\"category\">Allgemein<\/a>, <a href=\"https:\/\/rad.asvi.at\/?cat=11\" rel=\"category\">Rennsport<\/a>","author_info":{"name":"Roman","url":"https:\/\/rad.asvi.at\/?author=2"},"comments_num":"0 comments","_links":{"self":[{"href":"https:\/\/rad.asvi.at\/index.php?rest_route=\/wp\/v2\/posts\/2419","targetHints":{"allow":["GET"]}}],"collection":[{"href":"https:\/\/rad.asvi.at\/index.php?rest_route=\/wp\/v2\/posts"}],"about":[{"href":"https:\/\/rad.asvi.at\/index.php?rest_route=\/wp\/v2\/types\/post"}],"author":[{"embeddable":true,"href":"https:\/\/rad.asvi.at\/index.php?rest_route=\/wp\/v2\/users\/2"}],"replies":[{"embeddable":true,"href":"https:\/\/rad.asvi.at\/index.php?rest_route=%2Fwp%2Fv2%2Fcomments&post=2419"}],"version-history":[{"count":0,"href":"https:\/\/rad.asvi.at\/index.php?rest_route=\/wp\/v2\/posts\/2419\/revisions"}],"wp:featuredmedia":[{"embeddable":true,"href":"https:\/\/rad.asvi.at\/index.php?rest_route=\/"}],"wp:attachment":[{"href":"https:\/\/rad.asvi.at\/index.php?rest_route=%2Fwp%2Fv2%2Fmedia&parent=2419"}],"wp:term":[{"taxonomy":"category","embeddable":true,"href":"https:\/\/rad.asvi.at\/index.php?rest_route=%2Fwp%2Fv2%2Fcategories&post=2419"},{"taxonomy":"post_tag","embeddable":true,"href":"https:\/\/rad.asvi.at\/index.php?rest_route=%2Fwp%2Fv2%2Ftags&post=2419"}],"curies":[{"name":"wp","href":"https:\/\/api.w.org\/{rel}","templated":true}]}}