{"id":2884,"date":"2013-04-02T00:29:02","date_gmt":"2013-04-01T22:29:02","guid":{"rendered":"http:\/\/www.radclub-inzing.at\/?p=2884"},"modified":"2013-04-02T00:29:02","modified_gmt":"2013-04-01T22:29:02","slug":"perfekter-start-in-die-neue-wettkampfsaison","status":"publish","type":"post","link":"https:\/\/rad.asvi.at\/?p=2884","title":{"rendered":"Perfekter Start in die neue Wettkampfsaison!"},"content":{"rendered":"<p>Alexander Wachter startet gleich mit einem Solosieg in die neue Wettkamfsaison 2013!<\/p>\n<p>Beim Saisoner\u00f6ffnungsrennen des \u00d6sterreichischen Radsports (\u00d6-Cup) in Leonding beginnt Alexander Wachter genau so, wie man das von ihm fast schon gewohnt ist, n\u00e4mlich mit einem \u00fcberlegenen Sieg! Bei widrigen 5 Grad Celsius startete das Rennen um 11 Uhr Vormittags und ging \u00fcber mehrere Runden zu insgesamt 90 km! Bereits in der 2. Runde l\u00f6ste sich eine 15-k\u00f6pfige Spitzengruppe, aus\u00a0der heraus immer wieder attakiert wurde. Alexander musste selber mehrmals die L\u00fccken schliessen, hatte aber dann noch gen\u00fcgend Kraft um sich\u00a0in der letzten Runde\u00a0im Anstieg von dieser Gruppe zu verabschieden. Nur ein weiterer Tiroler Benjamin Brikic konnte zun\u00e4chst folgen &#8211; viel dann aber doch zur\u00fcck, sodass Alexander solo mit 13 sec. Vorsprung ins Ziel kam.<\/p>\n<p>Ergebnisliste auf: <a href=\"http:\/\/www.coputerauswertung.at\">www.coputerauswertung.at<\/a><\/p>\n<p>&nbsp;<\/p>\n","protected":false},"excerpt":{"rendered":"<p>Alexander Wachter startet gleich mit einem Solosieg in die neue Wettkamfsaison 2013! Beim Saisoner\u00f6ffnungsrennen des \u00d6sterreichischen Radsports (\u00d6-Cup) in Leonding beginnt Alexander Wachter genau so, wie man das von ihm fast schon gewohnt ist, n\u00e4mlich mit einem \u00fcberlegenen Sieg! Bei widrigen 5 Grad Celsius startete das Rennen um 11 Uhr Vormittags und ging \u00fcber mehrere&hellip;&nbsp;<a href=\"https:\/\/rad.asvi.at\/?p=2884\" class=\"\" rel=\"bookmark\">Weiterlesen &raquo;<span class=\"screen-reader-text\">Perfekter Start in die neue Wettkampfsaison!<\/span><\/a><\/p>\n","protected":false},"author":2,"featured_media":2886,"comment_status":"open","ping_status":"closed","sticky":false,"template":"","format":"standard","meta":{"neve_meta_sidebar":"","neve_meta_container":"","neve_meta_enable_content_width":"","neve_meta_content_width":0,"neve_meta_title_alignment":"","neve_meta_author_avatar":"","neve_post_elements_order":"","neve_meta_disable_header":"","neve_meta_disable_footer":"","neve_meta_disable_title":"","footnotes":""},"categories":[9,11],"tags":[],"class_list":["post-2884","post","type-post","status-publish","format-standard","has-post-thumbnail","hentry","category-allgemein","category-rennsport"],"featured_image_urls":{"full":"","thumbnail":"","medium":"","medium_large":"","large":"","xl":"","xxl":"","xxxl":"","xxxxl":"","xxxxxl":"","1536x1536":"","2048x2048":"","neve-blog":""},"post_excerpt_stackable":"<p>Alexander Wachter startet gleich mit einem Solosieg in die neue Wettkamfsaison 2013! Beim Saisoner\u00f6ffnungsrennen des \u00d6sterreichischen Radsports (\u00d6-Cup) in Leonding beginnt Alexander Wachter genau so, wie man das von ihm fast schon gewohnt ist, n\u00e4mlich mit einem \u00fcberlegenen Sieg! Bei widrigen 5 Grad Celsius startete das Rennen um 11 Uhr Vormittags und ging \u00fcber mehrere Runden zu insgesamt 90 km! Bereits in der 2. Runde l\u00f6ste sich eine 15-k\u00f6pfige Spitzengruppe, aus\u00a0der heraus immer wieder attakiert wurde. Alexander musste selber mehrmals die L\u00fccken schliessen, hatte aber dann noch gen\u00fcgend Kraft um sich\u00a0in der letzten Runde\u00a0im Anstieg von dieser Gruppe zu verabschieden.&hellip;<\/p>\n","category_list":"<a href=\"https:\/\/rad.asvi.at\/?cat=9\" rel=\"category\">Allgemein<\/a>, <a href=\"https:\/\/rad.asvi.at\/?cat=11\" rel=\"category\">Rennsport<\/a>","author_info":{"name":"Roman","url":"https:\/\/rad.asvi.at\/?author=2"},"comments_num":"0 comments","_links":{"self":[{"href":"https:\/\/rad.asvi.at\/index.php?rest_route=\/wp\/v2\/posts\/2884","targetHints":{"allow":["GET"]}}],"collection":[{"href":"https:\/\/rad.asvi.at\/index.php?rest_route=\/wp\/v2\/posts"}],"about":[{"href":"https:\/\/rad.asvi.at\/index.php?rest_route=\/wp\/v2\/types\/post"}],"author":[{"embeddable":true,"href":"https:\/\/rad.asvi.at\/index.php?rest_route=\/wp\/v2\/users\/2"}],"replies":[{"embeddable":true,"href":"https:\/\/rad.asvi.at\/index.php?rest_route=%2Fwp%2Fv2%2Fcomments&post=2884"}],"version-history":[{"count":0,"href":"https:\/\/rad.asvi.at\/index.php?rest_route=\/wp\/v2\/posts\/2884\/revisions"}],"wp:featuredmedia":[{"embeddable":true,"href":"https:\/\/rad.asvi.at\/index.php?rest_route=\/"}],"wp:attachment":[{"href":"https:\/\/rad.asvi.at\/index.php?rest_route=%2Fwp%2Fv2%2Fmedia&parent=2884"}],"wp:term":[{"taxonomy":"category","embeddable":true,"href":"https:\/\/rad.asvi.at\/index.php?rest_route=%2Fwp%2Fv2%2Fcategories&post=2884"},{"taxonomy":"post_tag","embeddable":true,"href":"https:\/\/rad.asvi.at\/index.php?rest_route=%2Fwp%2Fv2%2Ftags&post=2884"}],"curies":[{"name":"wp","href":"https:\/\/api.w.org\/{rel}","templated":true}]}}