{"id":2952,"date":"2013-04-21T21:03:32","date_gmt":"2013-04-21T19:03:32","guid":{"rendered":"http:\/\/www.radclub-inzing.at\/?p=2952"},"modified":"2013-04-21T21:03:32","modified_gmt":"2013-04-21T19:03:32","slug":"wachter-siegt-auch-beim-int-kirschblutenrennen-in-welsso-14-04-2013","status":"publish","type":"post","link":"https:\/\/rad.asvi.at\/?p=2952","title":{"rendered":"Wachter siegt auch beim Int. Kirschbl\u00fctenrennen in Wels\/So 14.04.2013"},"content":{"rendered":"<p><a href=\"http:\/\/www.radclub-inzing.at\/?attachment_id=2959\" rel=\"attachment wp-att-2959\"><img loading=\"lazy\" decoding=\"async\" class=\"alignnone size-medium wp-image-2959\" title=\"Attachment-1\" src=\"http:\/\/www.radclub-inzing.at\/wp-content\/uploads\/2013\/04\/Attachment-12-216x300.jpg\" alt=\"\" width=\"216\" height=\"300\" \/><\/a><\/p>\n<p>Alexander Wachter (\u00d6AMTC RAIKA KLEIDERMAIR ASV INZING) siegt auch beim traditionellen Kirschbl\u00fctenrennen souver\u00e4n! Nachdem er erst vor einer Woche den schweren Klassiker Paris-Roubaix fuhr und das Rennen trotz Sturz und Defekts auf dem 17. Platz beendet hat, war Alexander bereits wieder so weit erholt, dass er beim 3. \u00d6-Cuprennen der Saison alle \u201estehen\u201c lie\u00df. Das Rennen ging 3 Runden \u2013 insgesamt waren 107 km zu bew\u00e4ltigen. 38,6 km\/h war der Siegerschnitt. Es waren sehr viele Attacken und immer wieder war es Alexander Wachter, der diese wieder zufuhr. In der 2. Runde fuhren Brikic und Wachter am Berg weg und es bildete sich eine 6-k\u00f6pfige Spitzengruppe. Bald wurde diese aber wieder eingeholt, weil eine starke deutsche Mannschaft hinten arbeitete. Das ganze wiederholte sich in der 3. Runde, sodass es zu einem Massensprint kommen musste. Alexander Wachter trat bereits bei der 200m-Marke den Sprint an und gewann mit \u00fcber 2 Radl\u00e4ngen vor einem Deutschen und einem Kroaten. Brikic wurde noch guter 5. Wachter gewinnt damit nach Leonding bereits sein 2. Cuprennen und f\u00fchrt jetzt schon \u00fcberlegen in der Cupwertung! Das Er\u00f6ffnungsrennen in Langkampfen\/Tirol konnte er ja wegen Paris-Roubaix nicht bestreiten \u2013 bekommt daf\u00fcr aber nat\u00fcrlich Auslandspunkte!<\/p>\n<p>Ergebnisse auf: <a href=\"http:\/\/www.computerauswertung.at\">www.computerauswertung.at<\/a><\/p>\n<p>&nbsp;<\/p>\n","protected":false},"excerpt":{"rendered":"<p>Alexander Wachter (\u00d6AMTC RAIKA KLEIDERMAIR ASV INZING) siegt auch beim traditionellen Kirschbl\u00fctenrennen souver\u00e4n! Nachdem er erst vor einer Woche den schweren Klassiker Paris-Roubaix fuhr und das Rennen trotz Sturz und Defekts auf dem 17. Platz beendet hat, war Alexander bereits wieder so weit erholt, dass er beim 3. \u00d6-Cuprennen der Saison alle \u201estehen\u201c lie\u00df. Das&hellip;&nbsp;<a href=\"https:\/\/rad.asvi.at\/?p=2952\" class=\"\" rel=\"bookmark\">Weiterlesen &raquo;<span class=\"screen-reader-text\">Wachter siegt auch beim Int. Kirschbl\u00fctenrennen in Wels\/So 14.04.2013<\/span><\/a><\/p>\n","protected":false},"author":2,"featured_media":2954,"comment_status":"open","ping_status":"closed","sticky":false,"template":"","format":"standard","meta":{"neve_meta_sidebar":"","neve_meta_container":"","neve_meta_enable_content_width":"","neve_meta_content_width":0,"neve_meta_title_alignment":"","neve_meta_author_avatar":"","neve_post_elements_order":"","neve_meta_disable_header":"","neve_meta_disable_footer":"","neve_meta_disable_title":"","footnotes":""},"categories":[9,11],"tags":[],"class_list":["post-2952","post","type-post","status-publish","format-standard","has-post-thumbnail","hentry","category-allgemein","category-rennsport"],"featured_image_urls":{"full":"","thumbnail":"","medium":"","medium_large":"","large":"","xl":"","xxl":"","xxxl":"","xxxxl":"","xxxxxl":"","1536x1536":"","2048x2048":"","neve-blog":""},"post_excerpt_stackable":"<p>Alexander Wachter (\u00d6AMTC RAIKA KLEIDERMAIR ASV INZING) siegt auch beim traditionellen Kirschbl\u00fctenrennen souver\u00e4n! Nachdem er erst vor einer Woche den schweren Klassiker Paris-Roubaix fuhr und das Rennen trotz Sturz und Defekts auf dem 17. Platz beendet hat, war Alexander bereits wieder so weit erholt, dass er beim 3. \u00d6-Cuprennen der Saison alle \u201estehen\u201c lie\u00df. Das Rennen ging 3 Runden \u2013 insgesamt waren 107 km zu bew\u00e4ltigen. 38,6 km\/h war der Siegerschnitt. Es waren sehr viele Attacken und immer wieder war es Alexander Wachter, der diese wieder zufuhr. In der 2. Runde fuhren Brikic und Wachter am Berg weg und es&hellip;<\/p>\n","category_list":"<a href=\"https:\/\/rad.asvi.at\/?cat=9\" rel=\"category\">Allgemein<\/a>, <a href=\"https:\/\/rad.asvi.at\/?cat=11\" rel=\"category\">Rennsport<\/a>","author_info":{"name":"Roman","url":"https:\/\/rad.asvi.at\/?author=2"},"comments_num":"0 comments","_links":{"self":[{"href":"https:\/\/rad.asvi.at\/index.php?rest_route=\/wp\/v2\/posts\/2952","targetHints":{"allow":["GET"]}}],"collection":[{"href":"https:\/\/rad.asvi.at\/index.php?rest_route=\/wp\/v2\/posts"}],"about":[{"href":"https:\/\/rad.asvi.at\/index.php?rest_route=\/wp\/v2\/types\/post"}],"author":[{"embeddable":true,"href":"https:\/\/rad.asvi.at\/index.php?rest_route=\/wp\/v2\/users\/2"}],"replies":[{"embeddable":true,"href":"https:\/\/rad.asvi.at\/index.php?rest_route=%2Fwp%2Fv2%2Fcomments&post=2952"}],"version-history":[{"count":0,"href":"https:\/\/rad.asvi.at\/index.php?rest_route=\/wp\/v2\/posts\/2952\/revisions"}],"wp:featuredmedia":[{"embeddable":true,"href":"https:\/\/rad.asvi.at\/index.php?rest_route=\/"}],"wp:attachment":[{"href":"https:\/\/rad.asvi.at\/index.php?rest_route=%2Fwp%2Fv2%2Fmedia&parent=2952"}],"wp:term":[{"taxonomy":"category","embeddable":true,"href":"https:\/\/rad.asvi.at\/index.php?rest_route=%2Fwp%2Fv2%2Fcategories&post=2952"},{"taxonomy":"post_tag","embeddable":true,"href":"https:\/\/rad.asvi.at\/index.php?rest_route=%2Fwp%2Fv2%2Ftags&post=2952"}],"curies":[{"name":"wp","href":"https:\/\/api.w.org\/{rel}","templated":true}]}}