{"id":2963,"date":"2013-04-21T22:00:58","date_gmt":"2013-04-21T20:00:58","guid":{"rendered":"http:\/\/www.radclub-inzing.at\/?p=2963"},"modified":"2013-04-21T22:00:58","modified_gmt":"2013-04-21T20:00:58","slug":"alexander-wachter-wird-bei-der-sportlerwahl-2012-aufsteiger-des-jahres","status":"publish","type":"post","link":"https:\/\/rad.asvi.at\/?p=2963","title":{"rendered":"Alexander Wachter wird bei der Sportlerwahl 2012 AUFSTEIGER DES JAHRES!!"},"content":{"rendered":"<p>&nbsp;<\/p>\n<p>TT-Artikel vom 13.04.2012<\/p>\n<p>Es gab diesen Moment im Jahr 2012, da rieselte es den Experten fein wie Schuppen von den Augen: Das Begriffsgeflecht aus Radsport, \u00d6sterreich und Nachwuchs-Hoffnung wird nicht mehr ohne einen Namen auskommen. Den Namen Alexander Wachter. Und dieser Moment, an dem alte Erfolge \u00fcberwunden, neue ersehnt wurden, war Teil eines schw\u00fclen 13. August im niederl\u00e4ndischen Zeeland.<\/p>\n<p>Wachter steigt in die Pedale, setzt zum Sprint an \u2013 und irgendwie scheint alles pl\u00f6tzlich federleicht zu sein. Der 17-j\u00e4hrige Pfundser (heute 18) l\u00e4sst die 179 Konkurrenten nur noch seinen Fahrtwind riechen, \u00fcberquert die Ziellinie als Erster. Und ist \u00d6sterreichs erster (Junioren-)Europameister im Radsport.<\/p>\n<p>\u201eNat\u00fcrlich war das erstmal\u00a0 ein Riesenerfolg\u201c, sagt Trainer Roman Gadner. Gro\u00df \u00fcberraschen durfte das aber wirklich keinen, so Gadner: \u201eDer Sieg kam ja nicht von ungef\u00e4hr. Alex war davor schon im Weltcup stark unterwegs. Er ist ein starker Sprinter, einfach sehr schnell.\u201c<\/p>\n<p>Dieser Hang zur Geschwindigkeit war einer der Hauptgr\u00fcnde, weshalb Wachter mit 13 auf die Stra\u00dfe wechselte. Nachdem er f\u00fcnf Jahre davor mit dem Mountainbike \u00fcber Stock und Stein gesprungen war. \u201eAlex hat sich im Laufe der Jahre sehr entwickelt. Er kann immer super Zeiten fahren\u201c, erg\u00e4nzte Gadner, der ihn beim\u00a0\u00d6AMTC RAIKA KLEIDERMAIR ASV\u00a0Inzing stets begleitet hat und ihn kurz so charakterisiert: \u201eAlex hat das Herz am richtigen Fleck.\u201c<\/p>\n<p>Die letzte Saison bei den Junioren wird der Sch\u00fcler mit der WM im September 2013 kr\u00f6nen. Danach steht der Wechsel in die U?23-Klasse bevor \u2013 ebenso wie Gespr\u00e4che mit dem Tyrol Cycling Team \u00fcber eine Verpflichtung. Damit das Begriffsgeflecht eines Tages auch einmal den Namen Tour-Sieger beinhaltet.<\/p>\n<p>Link zur Sportlergala: <a href=\"http:\/\/tvthek.orf.at\/programs\/3957078-Tiroler-Sportlerwahl-2012\">http:\/\/tvthek.orf.at\/programs\/3957078-Tiroler-Sportlerwahl-2012<\/a><\/p>\n<p>&nbsp;<\/p>\n<p>&nbsp;<\/p>\n","protected":false},"excerpt":{"rendered":"<p>&nbsp; TT-Artikel vom 13.04.2012 Es gab diesen Moment im Jahr 2012, da rieselte es den Experten fein wie Schuppen von den Augen: Das Begriffsgeflecht aus Radsport, \u00d6sterreich und Nachwuchs-Hoffnung wird nicht mehr ohne einen Namen auskommen. Den Namen Alexander Wachter. Und dieser Moment, an dem alte Erfolge \u00fcberwunden, neue ersehnt wurden, war Teil eines schw\u00fclen&hellip;&nbsp;<a href=\"https:\/\/rad.asvi.at\/?p=2963\" class=\"\" rel=\"bookmark\">Weiterlesen &raquo;<span class=\"screen-reader-text\">Alexander Wachter wird bei der Sportlerwahl 2012 AUFSTEIGER DES JAHRES!!<\/span><\/a><\/p>\n","protected":false},"author":2,"featured_media":2964,"comment_status":"open","ping_status":"closed","sticky":false,"template":"","format":"standard","meta":{"neve_meta_sidebar":"","neve_meta_container":"","neve_meta_enable_content_width":"","neve_meta_content_width":0,"neve_meta_title_alignment":"","neve_meta_author_avatar":"","neve_post_elements_order":"","neve_meta_disable_header":"","neve_meta_disable_footer":"","neve_meta_disable_title":"","footnotes":""},"categories":[9,11],"tags":[],"class_list":["post-2963","post","type-post","status-publish","format-standard","has-post-thumbnail","hentry","category-allgemein","category-rennsport"],"featured_image_urls":{"full":"","thumbnail":"","medium":"","medium_large":"","large":"","xl":"","xxl":"","xxxl":"","xxxxl":"","xxxxxl":"","1536x1536":"","2048x2048":"","neve-blog":""},"post_excerpt_stackable":"<p>&nbsp; TT-Artikel vom 13.04.2012 Es gab diesen Moment im Jahr 2012, da rieselte es den Experten fein wie Schuppen von den Augen: Das Begriffsgeflecht aus Radsport, \u00d6sterreich und Nachwuchs-Hoffnung wird nicht mehr ohne einen Namen auskommen. Den Namen Alexander Wachter. Und dieser Moment, an dem alte Erfolge \u00fcberwunden, neue ersehnt wurden, war Teil eines schw\u00fclen 13. August im niederl\u00e4ndischen Zeeland. Wachter steigt in die Pedale, setzt zum Sprint an \u2013 und irgendwie scheint alles pl\u00f6tzlich federleicht zu sein. Der 17-j\u00e4hrige Pfundser (heute 18) l\u00e4sst die 179 Konkurrenten nur noch seinen Fahrtwind riechen, \u00fcberquert die Ziellinie als Erster. Und ist \u00d6sterreichs&hellip;<\/p>\n","category_list":"<a href=\"https:\/\/rad.asvi.at\/?cat=9\" rel=\"category\">Allgemein<\/a>, <a href=\"https:\/\/rad.asvi.at\/?cat=11\" rel=\"category\">Rennsport<\/a>","author_info":{"name":"Roman","url":"https:\/\/rad.asvi.at\/?author=2"},"comments_num":"0 comments","_links":{"self":[{"href":"https:\/\/rad.asvi.at\/index.php?rest_route=\/wp\/v2\/posts\/2963","targetHints":{"allow":["GET"]}}],"collection":[{"href":"https:\/\/rad.asvi.at\/index.php?rest_route=\/wp\/v2\/posts"}],"about":[{"href":"https:\/\/rad.asvi.at\/index.php?rest_route=\/wp\/v2\/types\/post"}],"author":[{"embeddable":true,"href":"https:\/\/rad.asvi.at\/index.php?rest_route=\/wp\/v2\/users\/2"}],"replies":[{"embeddable":true,"href":"https:\/\/rad.asvi.at\/index.php?rest_route=%2Fwp%2Fv2%2Fcomments&post=2963"}],"version-history":[{"count":0,"href":"https:\/\/rad.asvi.at\/index.php?rest_route=\/wp\/v2\/posts\/2963\/revisions"}],"wp:featuredmedia":[{"embeddable":true,"href":"https:\/\/rad.asvi.at\/index.php?rest_route=\/"}],"wp:attachment":[{"href":"https:\/\/rad.asvi.at\/index.php?rest_route=%2Fwp%2Fv2%2Fmedia&parent=2963"}],"wp:term":[{"taxonomy":"category","embeddable":true,"href":"https:\/\/rad.asvi.at\/index.php?rest_route=%2Fwp%2Fv2%2Fcategories&post=2963"},{"taxonomy":"post_tag","embeddable":true,"href":"https:\/\/rad.asvi.at\/index.php?rest_route=%2Fwp%2Fv2%2Ftags&post=2963"}],"curies":[{"name":"wp","href":"https:\/\/api.w.org\/{rel}","templated":true}]}}