{"id":2967,"date":"2013-04-27T22:29:46","date_gmt":"2013-04-27T20:29:46","guid":{"rendered":"http:\/\/www.radclub-inzing.at\/?p=2967"},"modified":"2013-04-27T22:29:46","modified_gmt":"2013-04-27T20:29:46","slug":"lukas-grieser-u-11-startete-im-otztal-in-seine-2-wettkampfsaison","status":"publish","type":"post","link":"https:\/\/rad.asvi.at\/?p=2967","title":{"rendered":"Lukas Grie\u00dfer (U 11) startete im \u00d6tztal in seine 2. Wettkampfsaison"},"content":{"rendered":"<p>Wie immer war beim \u00d6tztaler Bike Festival die H\u00f6lle los! Lukas kam leider beim 37 Mann gro\u00dfen Starterfeld nicht auf Anhieb ins Pedal und verlor gleich einige R\u00e4nge. In der ersten Runde bei Start-Ziel st\u00fcrzten unmittelbar vor ihm zwei seiner Rivalen und bremsten ihn aus. Trotzdem k\u00e4mpfte er sich noch um ein paar Pl\u00e4tze auf den 17en Rang vor.<\/p>\n","protected":false},"excerpt":{"rendered":"<p>Wie immer war beim \u00d6tztaler Bike Festival die H\u00f6lle los! Lukas kam leider beim 37 Mann gro\u00dfen Starterfeld nicht auf Anhieb ins Pedal und verlor gleich einige R\u00e4nge. In der ersten Runde bei Start-Ziel st\u00fcrzten unmittelbar vor ihm zwei seiner Rivalen und bremsten ihn aus. Trotzdem k\u00e4mpfte er sich noch um ein paar Pl\u00e4tze auf&hellip;&nbsp;<a href=\"https:\/\/rad.asvi.at\/?p=2967\" class=\"\" rel=\"bookmark\">Weiterlesen &raquo;<span class=\"screen-reader-text\">Lukas Grie\u00dfer (U 11) startete im \u00d6tztal in seine 2. Wettkampfsaison<\/span><\/a><\/p>\n","protected":false},"author":2,"featured_media":2968,"comment_status":"open","ping_status":"closed","sticky":false,"template":"","format":"standard","meta":{"neve_meta_sidebar":"","neve_meta_container":"","neve_meta_enable_content_width":"","neve_meta_content_width":0,"neve_meta_title_alignment":"","neve_meta_author_avatar":"","neve_post_elements_order":"","neve_meta_disable_header":"","neve_meta_disable_footer":"","neve_meta_disable_title":"","footnotes":""},"categories":[9,11],"tags":[],"class_list":["post-2967","post","type-post","status-publish","format-standard","has-post-thumbnail","hentry","category-allgemein","category-rennsport"],"featured_image_urls":{"full":"","thumbnail":"","medium":"","medium_large":"","large":"","xl":"","xxl":"","xxxl":"","xxxxl":"","xxxxxl":"","1536x1536":"","2048x2048":"","neve-blog":""},"post_excerpt_stackable":"<p>Wie immer war beim \u00d6tztaler Bike Festival die H\u00f6lle los! Lukas kam leider beim 37 Mann gro\u00dfen Starterfeld nicht auf Anhieb ins Pedal und verlor gleich einige R\u00e4nge. In der ersten Runde bei Start-Ziel st\u00fcrzten unmittelbar vor ihm zwei seiner Rivalen und bremsten ihn aus. Trotzdem k\u00e4mpfte er sich noch um ein paar Pl\u00e4tze auf den 17en Rang vor.<\/p>\n","category_list":"<a href=\"https:\/\/rad.asvi.at\/?cat=9\" rel=\"category\">Allgemein<\/a>, <a href=\"https:\/\/rad.asvi.at\/?cat=11\" rel=\"category\">Rennsport<\/a>","author_info":{"name":"Roman","url":"https:\/\/rad.asvi.at\/?author=2"},"comments_num":"0 comments","_links":{"self":[{"href":"https:\/\/rad.asvi.at\/index.php?rest_route=\/wp\/v2\/posts\/2967","targetHints":{"allow":["GET"]}}],"collection":[{"href":"https:\/\/rad.asvi.at\/index.php?rest_route=\/wp\/v2\/posts"}],"about":[{"href":"https:\/\/rad.asvi.at\/index.php?rest_route=\/wp\/v2\/types\/post"}],"author":[{"embeddable":true,"href":"https:\/\/rad.asvi.at\/index.php?rest_route=\/wp\/v2\/users\/2"}],"replies":[{"embeddable":true,"href":"https:\/\/rad.asvi.at\/index.php?rest_route=%2Fwp%2Fv2%2Fcomments&post=2967"}],"version-history":[{"count":0,"href":"https:\/\/rad.asvi.at\/index.php?rest_route=\/wp\/v2\/posts\/2967\/revisions"}],"wp:featuredmedia":[{"embeddable":true,"href":"https:\/\/rad.asvi.at\/index.php?rest_route=\/"}],"wp:attachment":[{"href":"https:\/\/rad.asvi.at\/index.php?rest_route=%2Fwp%2Fv2%2Fmedia&parent=2967"}],"wp:term":[{"taxonomy":"category","embeddable":true,"href":"https:\/\/rad.asvi.at\/index.php?rest_route=%2Fwp%2Fv2%2Fcategories&post=2967"},{"taxonomy":"post_tag","embeddable":true,"href":"https:\/\/rad.asvi.at\/index.php?rest_route=%2Fwp%2Fv2%2Ftags&post=2967"}],"curies":[{"name":"wp","href":"https:\/\/api.w.org\/{rel}","templated":true}]}}