{"id":3078,"date":"2013-05-26T21:12:02","date_gmt":"2013-05-26T19:12:02","guid":{"rendered":"http:\/\/www.radclub-inzing.at\/?p=3078"},"modified":"2013-05-26T21:12:02","modified_gmt":"2013-05-26T19:12:02","slug":"alexander-wachter-holt-sich-wieder-in-souveraner-manier-den-om-titel-auf-der-strase","status":"publish","type":"post","link":"https:\/\/rad.asvi.at\/?p=3078","title":{"rendered":"Alexander Wachter holt sich wieder in souver\u00e4ner Manier den \u00d6M-Titel auf der Stra\u00dfe"},"content":{"rendered":"<p><span style=\"text-decoration: underline;\">\u00d6M-Stra\u00dfe in Senftenberg\/O\u00d6<\/span><\/p>\n<p>Senftenberg (bei Ried in O\u00d6) war heute Austragungsort der \u00d6sterr. Stra\u00dfenmeisterschaften 2013 in den Nachwuchskategorien.<\/p>\n<p>Die Junioren mussten 8 Runden zu je 15km \u2013 also 120 km absolvieren, die Runde war im Gegensatz zum letzten Jahr sehr schwer (1900Hm!) &#8211; den Fahrern machte v.a. aber auch der Regen und die K\u00e4lte (nur 8 Grad!) zu schaffen. Nach 3 Runden bildete sich eine 8-k\u00f6pfige Spitzengruppe, mit Alexander Wachter (\u00d6AMTC RAIKA KLEIDER MAIR ASV INZING) mit von der Partie. Diese Spitzengruppe wurde in jede Runde kleiner (-aufgrund des schweren Kurses und des hohen Tempos in den Steigungen). In der letzten Runde attackierten Alexander Wachter und Benjamin Brkic (Recheis Scott Latella) und niemand konnte mehr folgen, sodass die beiden alleine dem Ziel entgegenfuhren. Im Finish lie\u00df er seinem Fluchtgef\u00e4hrten dann keine Chance und siegte einmal mehr souver\u00e4n durch seine Sprintqualit\u00e4ten! Die verdiente <strong>Goldmedaille<\/strong> war der Lohn f\u00fcr ein \u00e4u\u00dferst hartes Rennen!<\/p>\n<p><strong><em>Fabian Morianz<\/em><\/strong> (ebenf. \u00d6AMTC RAIKA KLEIDER MAIR ASV INZING) fuhr das Rennen ebenfalls zu Ende und belegte den 17. Platz.<\/p>\n<p>Ergebnisse: <a href=\"http:\/\/www.computerauswertung.at\/veranstaltung.php?V_ID=130526\">http:\/\/www.computerauswertung.at\/veranstaltung.php?V_ID=130526<\/a><\/p>\n<p>\u00a0<a href=\"http:\/\/www.radclub-inzing.at\/?attachment_id=3079\" rel=\"attachment wp-att-3079\"><img loading=\"lazy\" decoding=\"async\" title=\"Alex-12\" src=\"http:\/\/www.radclub-inzing.at\/wp-content\/uploads\/2013\/05\/Alex-12-207x300.jpg\" alt=\"\" width=\"207\" height=\"300\" \/><\/a><\/p>\n","protected":false},"excerpt":{"rendered":"<p>\u00d6M-Stra\u00dfe in Senftenberg\/O\u00d6 Senftenberg (bei Ried in O\u00d6) war heute Austragungsort der \u00d6sterr. Stra\u00dfenmeisterschaften 2013 in den Nachwuchskategorien. Die Junioren mussten 8 Runden zu je 15km \u2013 also 120 km absolvieren, die Runde war im Gegensatz zum letzten Jahr sehr schwer (1900Hm!) &#8211; den Fahrern machte v.a. aber auch der Regen und die K\u00e4lte (nur&hellip;&nbsp;<a href=\"https:\/\/rad.asvi.at\/?p=3078\" class=\"\" rel=\"bookmark\">Weiterlesen &raquo;<span class=\"screen-reader-text\">Alexander Wachter holt sich wieder in souver\u00e4ner Manier den \u00d6M-Titel auf der Stra\u00dfe<\/span><\/a><\/p>\n","protected":false},"author":2,"featured_media":3079,"comment_status":"open","ping_status":"closed","sticky":false,"template":"","format":"standard","meta":{"neve_meta_sidebar":"","neve_meta_container":"","neve_meta_enable_content_width":"","neve_meta_content_width":0,"neve_meta_title_alignment":"","neve_meta_author_avatar":"","neve_post_elements_order":"","neve_meta_disable_header":"","neve_meta_disable_footer":"","neve_meta_disable_title":"","footnotes":""},"categories":[9,11],"tags":[],"class_list":["post-3078","post","type-post","status-publish","format-standard","has-post-thumbnail","hentry","category-allgemein","category-rennsport"],"featured_image_urls":{"full":"","thumbnail":"","medium":"","medium_large":"","large":"","xl":"","xxl":"","xxxl":"","xxxxl":"","xxxxxl":"","1536x1536":"","2048x2048":"","neve-blog":""},"post_excerpt_stackable":"<p>\u00d6M-Stra\u00dfe in Senftenberg\/O\u00d6 Senftenberg (bei Ried in O\u00d6) war heute Austragungsort der \u00d6sterr. Stra\u00dfenmeisterschaften 2013 in den Nachwuchskategorien. Die Junioren mussten 8 Runden zu je 15km \u2013 also 120 km absolvieren, die Runde war im Gegensatz zum letzten Jahr sehr schwer (1900Hm!) &#8211; den Fahrern machte v.a. aber auch der Regen und die K\u00e4lte (nur 8 Grad!) zu schaffen. Nach 3 Runden bildete sich eine 8-k\u00f6pfige Spitzengruppe, mit Alexander Wachter (\u00d6AMTC RAIKA KLEIDER MAIR ASV INZING) mit von der Partie. Diese Spitzengruppe wurde in jede Runde kleiner (-aufgrund des schweren Kurses und des hohen Tempos in den Steigungen). In der&hellip;<\/p>\n","category_list":"<a href=\"https:\/\/rad.asvi.at\/?cat=9\" rel=\"category\">Allgemein<\/a>, <a href=\"https:\/\/rad.asvi.at\/?cat=11\" rel=\"category\">Rennsport<\/a>","author_info":{"name":"Roman","url":"https:\/\/rad.asvi.at\/?author=2"},"comments_num":"0 comments","_links":{"self":[{"href":"https:\/\/rad.asvi.at\/index.php?rest_route=\/wp\/v2\/posts\/3078","targetHints":{"allow":["GET"]}}],"collection":[{"href":"https:\/\/rad.asvi.at\/index.php?rest_route=\/wp\/v2\/posts"}],"about":[{"href":"https:\/\/rad.asvi.at\/index.php?rest_route=\/wp\/v2\/types\/post"}],"author":[{"embeddable":true,"href":"https:\/\/rad.asvi.at\/index.php?rest_route=\/wp\/v2\/users\/2"}],"replies":[{"embeddable":true,"href":"https:\/\/rad.asvi.at\/index.php?rest_route=%2Fwp%2Fv2%2Fcomments&post=3078"}],"version-history":[{"count":0,"href":"https:\/\/rad.asvi.at\/index.php?rest_route=\/wp\/v2\/posts\/3078\/revisions"}],"wp:featuredmedia":[{"embeddable":true,"href":"https:\/\/rad.asvi.at\/index.php?rest_route=\/"}],"wp:attachment":[{"href":"https:\/\/rad.asvi.at\/index.php?rest_route=%2Fwp%2Fv2%2Fmedia&parent=3078"}],"wp:term":[{"taxonomy":"category","embeddable":true,"href":"https:\/\/rad.asvi.at\/index.php?rest_route=%2Fwp%2Fv2%2Fcategories&post=3078"},{"taxonomy":"post_tag","embeddable":true,"href":"https:\/\/rad.asvi.at\/index.php?rest_route=%2Fwp%2Fv2%2Ftags&post=3078"}],"curies":[{"name":"wp","href":"https:\/\/api.w.org\/{rel}","templated":true}]}}