{"id":3105,"date":"2013-06-02T18:32:32","date_gmt":"2013-06-02T16:32:32","guid":{"rendered":"http:\/\/www.radclub-inzing.at\/?p=3105"},"modified":"2013-06-02T18:32:32","modified_gmt":"2013-06-02T16:32:32","slug":"inzinger-radsporttage-2013","status":"publish","type":"post","link":"https:\/\/rad.asvi.at\/?p=3105","title":{"rendered":"INZINGER RADSPORTTAGE 2013"},"content":{"rendered":"<p>Am kommenden Wochenende <strong>Sa 08.<\/strong> und <strong>So 09.<\/strong> Juni 2013 finden wieder die Inzinger Radsporttage statt. Am Sa das traditionelle <strong>Bergrennen von Inzing auf das Stiglreith<\/strong> (<strong>TM<\/strong>-Berg\/alle Kategorien au\u00dfer Amateure) und als Leckerbissen am So der <strong>Raika GP in Toblaten<\/strong> (<strong>\u00d6-Cup<\/strong> in allen NW-Kateorien!)<\/p>\n<p>Alle Infos finden Sie hier auf unserem Folder: <a href=\"http:\/\/www.radclub-inzing.at\/?attachment_id=3106\" rel=\"attachment wp-att-3106\">Folder Seite 1 red<\/a>; <a href=\"http:\/\/www.radclub-inzing.at\/?attachment_id=3108\" rel=\"attachment wp-att-3108\">Folder Seite 2 red<\/a><\/p>\n<p>Vorl\u00e4ufige Startliste Gro\u00dfer Raika Bergpreis Stiglreith: <a href=\"http:\/\/www.radclub-inzing.at\/?attachment_id=3114\" rel=\"attachment wp-att-3114\">Offizielle Startliste 060613<\/a><\/p>\n<p>Ergebnisliste Bergrennen Stiglreith: <a href=\"http:\/\/www.radclub-inzing.at\/?attachment_id=3116\" rel=\"attachment wp-att-3116\">Offizielle Ergebnisliste gesamt 080613<\/a><\/p>\n","protected":false},"excerpt":{"rendered":"<p>Am kommenden Wochenende Sa 08. und So 09. Juni 2013 finden wieder die Inzinger Radsporttage statt. Am Sa das traditionelle Bergrennen von Inzing auf das Stiglreith (TM-Berg\/alle Kategorien au\u00dfer Amateure) und als Leckerbissen am So der Raika GP in Toblaten (\u00d6-Cup in allen NW-Kateorien!) Alle Infos finden Sie hier auf unserem Folder: Folder Seite 1&hellip;&nbsp;<a href=\"https:\/\/rad.asvi.at\/?p=3105\" class=\"\" rel=\"bookmark\">Weiterlesen &raquo;<span class=\"screen-reader-text\">INZINGER RADSPORTTAGE 2013<\/span><\/a><\/p>\n","protected":false},"author":2,"featured_media":0,"comment_status":"open","ping_status":"closed","sticky":false,"template":"","format":"standard","meta":{"neve_meta_sidebar":"","neve_meta_container":"","neve_meta_enable_content_width":"","neve_meta_content_width":0,"neve_meta_title_alignment":"","neve_meta_author_avatar":"","neve_post_elements_order":"","neve_meta_disable_header":"","neve_meta_disable_footer":"","neve_meta_disable_title":"","footnotes":""},"categories":[9,11],"tags":[],"class_list":["post-3105","post","type-post","status-publish","format-standard","hentry","category-allgemein","category-rennsport"],"featured_image_urls":{"full":"","thumbnail":"","medium":"","medium_large":"","large":"","xl":"","xxl":"","xxxl":"","xxxxl":"","xxxxxl":"","1536x1536":"","2048x2048":"","neve-blog":""},"post_excerpt_stackable":"<p>Am kommenden Wochenende Sa 08. und So 09. Juni 2013 finden wieder die Inzinger Radsporttage statt. Am Sa das traditionelle Bergrennen von Inzing auf das Stiglreith (TM-Berg\/alle Kategorien au\u00dfer Amateure) und als Leckerbissen am So der Raika GP in Toblaten (\u00d6-Cup in allen NW-Kateorien!) Alle Infos finden Sie hier auf unserem Folder: Folder Seite 1 red; Folder Seite 2 red Vorl\u00e4ufige Startliste Gro\u00dfer Raika Bergpreis Stiglreith: Offizielle Startliste 060613 Ergebnisliste Bergrennen Stiglreith: Offizielle Ergebnisliste gesamt 080613<\/p>\n","category_list":"<a href=\"https:\/\/rad.asvi.at\/?cat=9\" rel=\"category\">Allgemein<\/a>, <a href=\"https:\/\/rad.asvi.at\/?cat=11\" rel=\"category\">Rennsport<\/a>","author_info":{"name":"Roman","url":"https:\/\/rad.asvi.at\/?author=2"},"comments_num":"0 comments","_links":{"self":[{"href":"https:\/\/rad.asvi.at\/index.php?rest_route=\/wp\/v2\/posts\/3105","targetHints":{"allow":["GET"]}}],"collection":[{"href":"https:\/\/rad.asvi.at\/index.php?rest_route=\/wp\/v2\/posts"}],"about":[{"href":"https:\/\/rad.asvi.at\/index.php?rest_route=\/wp\/v2\/types\/post"}],"author":[{"embeddable":true,"href":"https:\/\/rad.asvi.at\/index.php?rest_route=\/wp\/v2\/users\/2"}],"replies":[{"embeddable":true,"href":"https:\/\/rad.asvi.at\/index.php?rest_route=%2Fwp%2Fv2%2Fcomments&post=3105"}],"version-history":[{"count":0,"href":"https:\/\/rad.asvi.at\/index.php?rest_route=\/wp\/v2\/posts\/3105\/revisions"}],"wp:attachment":[{"href":"https:\/\/rad.asvi.at\/index.php?rest_route=%2Fwp%2Fv2%2Fmedia&parent=3105"}],"wp:term":[{"taxonomy":"category","embeddable":true,"href":"https:\/\/rad.asvi.at\/index.php?rest_route=%2Fwp%2Fv2%2Fcategories&post=3105"},{"taxonomy":"post_tag","embeddable":true,"href":"https:\/\/rad.asvi.at\/index.php?rest_route=%2Fwp%2Fv2%2Ftags&post=3105"}],"curies":[{"name":"wp","href":"https:\/\/api.w.org\/{rel}","templated":true}]}}