{"id":3118,"date":"2013-06-09T21:44:14","date_gmt":"2013-06-09T19:44:14","guid":{"rendered":"http:\/\/www.radclub-inzing.at\/?p=3118"},"modified":"2013-06-09T21:44:14","modified_gmt":"2013-06-09T19:44:14","slug":"inzinger-radsporttage-2013-2","status":"publish","type":"post","link":"https:\/\/rad.asvi.at\/?p=3118","title":{"rendered":"INZINGER RADSPORTTAGE 2013"},"content":{"rendered":"\n<p>Der \u00d6AMTC RAIKA KLEIDER MAIR ASV INZING veranstaltete an diesem Wochenende gleich 2 Rennen. \u00a0Am Sa 08. Juni fand bereits zum 18. Mal der Bergklassiker von Inzing auf das Stiglreith (Oberrperfu\u00df) statt. Auch der Wettergott spielte den Inzingern an diesem Wochenende positiv mit, denn an beiden Renntagen herrschtebestes Radlerwetter bei ca. 25-27 Grad!<\/p>\n<p>Beim Bergrennen, das zur Tiroler Meisterschaft z\u00e4hlte \u2013 bei der Elite &#8211; ein von einem \u201eanderen Stern\u201c fahrender <strong>Emanuel N\u00f6sig<\/strong> \u2013 der die Konkurrenz (allerdings in Abwesenheit von Totschnig und Co) deklassierte und mit einem Vorsprung von 1:39 Minuten souver\u00e4n siegte! (und das mit einer \u201estattlichen\u201c Figur f\u00fcr einen Bergfahrer \u2013 ca. 85kg!!)<\/p>\n<p>Die zweitbeste Zeit erzielte bereits ein Juniorenfahrer, die \u201eBergg\u00e4mse\u201c von den Innsbrucker Schwalben Benjamin Brkic! Inzings Lokalmatadore immerhin mit dem jungen Elias Knapp aus Telfs (U13) einmal auf dem Podest (3.). Dabei fuhr Elias sein allererstes Lizenzrennen! Der um 2 Jahre j\u00fcngere Lukas Grie\u00dfer fuhr auf den 6. Platz.<\/p>\n<p>Am So beim \u00d6-Cuprennen f\u00fcr alle Nachwuchskategorien wartete ein \u00e4u\u00dferst selektiver Rundkurs \u201eRund um Toblaten\u201c auf die Fahrer. So hatten die Junioren z.B. 50 Runden zu je 1,6 km zu bew\u00e4ltigen und bei 30Hm je Runde,\u00a0 insgesamt 1500 Hm! Inzings \u201eHelden\u201c Alexander Wachter und Fabian Morianz hatten am Vortag am Berg noch bewusst K\u00f6rner gespart, um beim Cuprennen vor heimischem Publikum \u201eetwas zu zeigen\u201c! Und ihre Taktik w\u00e4re auch beinahe aufgegangen, w\u00e4re da nicht ein ab der 10 Runde entfesselnd fahrender Mario Stock (RC ARB\u00d6 Tom Tailor W\u00f6rgl) gewesen, der nach einem Pr\u00e4miensprint verl\u00e4ngerte und ab diesem Zeitpunkt solo vorne lag. Runde um Runde konnte er seinen Vorsprung ausbauen und es gelang ihm tats\u00e4chlich nach ca. 10 Runden das scheinbar unm\u00f6gliche \u2013 n\u00e4mlich die \u00dcberrundung des gesamten Hauptfeldes (mit allen Topfavoriten!)!! Das war praktisch schon die Vorentscheidung in diesem Rennen \u2013 und das nach halber Renndistanz! In der Folge kam es zwar zu zahlreichen Attacken, aber letztendlich konnte sich nie eine starke Spitzengruppe absetzen, die diesen \u201eRundenverlust\u201c auf Stock noch h\u00e4tte wieder aufholen k\u00f6nnen.\u00a0 <strong>Alexander Wachter<\/strong> fuhr ein sehr aktives Rennen und alle warteten schon auf einen unwiderstehlichen Antritt des <strong>Europameisters<\/strong>! Er holte sich auch 3 Pr\u00e4miensprints\u00a0 und versuchte mehrmals in der Folge sich entscheidend abzusetzen,\u00a0 was aber nicht gelang. Daf\u00fcr gelang dies\u00a0 v\u00f6llig \u00fcberraschend seinem Teamkollegen <strong>Fabian Morianz<\/strong> in der vorletzten Runde! W\u00e4hrend Mario Stock als Sieger mitten im Feld bereits fest stand und alle noch auf die letzte Runde geschickt wurden, war er bereits alleine auf und davon! 35 Sekunden konnte er in der letzten Runde noch auf das Hauptfeld herausfahren und einen sensationellen <strong>2.<\/strong> Platz feiern! Im Sprint der Verfolger kam es noch zum Fotofinish zwischen Alexander Wachter (<strong>4.<\/strong>) und Lukas Schlemmer (3.).<\/p>\n<p>Bei den U 17 \u2013 Fahrern siegte Patrick Gamper\u00a0 (Union Raiffeisen Radteam Tirol) ebenfalls souver\u00e4n mit einem Solosieg! Er war in dieser Kategorie der mit Abstand aktivste Fahrer w\u00e4hrend des gesamten Rennens (30 Runden).<\/p>\n<p>Bei den Unlizensierten Kindern ein Doppelsieg f\u00fcr Inzings Radnachwuchs &#8211; Elias Knapp gewinnt vor Lukas Grie\u00dfer und Reitter Felix (Recheis Scott Latella)!<\/p>\n<p>Ergebnis Berg: <a href=\"http:\/\/www.radclub-inzing.at\/?attachment_id=3124\" rel=\"attachment wp-att-3124\">Offizielle Ergebnisliste gesamt 080613<\/a><\/p>\n<p>Ergebnis Strasse:\u00a0\u00a0<a href=\"http:\/\/www.radclub-inzing.at\/?attachment_id=3127\" rel=\"attachment wp-att-3127\">Ergebnisliste (nach Klasse)-1<\/a><\/p>\n<p><a href=\"http:\/\/www.radclub-inzing.at\/?attachment_id=3120\" rel=\"attachment wp-att-3120\"><img loading=\"lazy\" decoding=\"async\" class=\"alignnone size-medium wp-image-3120\" title=\"Foto-Tobl--13-1\" src=\"http:\/\/www.radclub-inzing.at\/wp-content\/uploads\/2013\/06\/Foto-Tobl-13-1-300x223.jpg\" alt=\"\" width=\"300\" height=\"223\" \/><\/a>\u00a0 <a href=\"http:\/\/www.radclub-inzing.at\/?attachment_id=3121\" rel=\"attachment wp-att-3121\"><img loading=\"lazy\" decoding=\"async\" class=\"alignnone size-medium wp-image-3121\" title=\"Foto-tobl-13-2\" src=\"http:\/\/www.radclub-inzing.at\/wp-content\/uploads\/2013\/06\/Foto-tobl-13-2-300x224.jpg\" alt=\"\" width=\"300\" height=\"224\" \/><\/a><\/p>\n","protected":false},"excerpt":{"rendered":"<p>Der \u00d6AMTC RAIKA KLEIDER MAIR ASV INZING veranstaltete an diesem Wochenende gleich 2 Rennen. \u00a0Am Sa 08. Juni fand bereits zum 18. Mal der Bergklassiker von Inzing auf das Stiglreith (Oberrperfu\u00df) statt. Auch der Wettergott spielte den Inzingern an diesem Wochenende positiv mit, denn an beiden Renntagen herrschtebestes Radlerwetter bei ca. 25-27 Grad! Beim Bergrennen,&hellip;&nbsp;<a href=\"https:\/\/rad.asvi.at\/?p=3118\" class=\"\" rel=\"bookmark\">Weiterlesen &raquo;<span class=\"screen-reader-text\">INZINGER RADSPORTTAGE 2013<\/span><\/a><\/p>\n","protected":false},"author":2,"featured_media":3121,"comment_status":"open","ping_status":"closed","sticky":false,"template":"","format":"standard","meta":{"neve_meta_sidebar":"","neve_meta_container":"","neve_meta_enable_content_width":"","neve_meta_content_width":0,"neve_meta_title_alignment":"","neve_meta_author_avatar":"","neve_post_elements_order":"","neve_meta_disable_header":"","neve_meta_disable_footer":"","neve_meta_disable_title":"","footnotes":""},"categories":[9,11],"tags":[],"class_list":["post-3118","post","type-post","status-publish","format-standard","has-post-thumbnail","hentry","category-allgemein","category-rennsport"],"featured_image_urls":{"full":"","thumbnail":"","medium":"","medium_large":"","large":"","xl":"","xxl":"","xxxl":"","xxxxl":"","xxxxxl":"","1536x1536":"","2048x2048":"","neve-blog":""},"post_excerpt_stackable":"<p>Der \u00d6AMTC RAIKA KLEIDER MAIR ASV INZING veranstaltete an diesem Wochenende gleich 2 Rennen. \u00a0Am Sa 08. Juni fand bereits zum 18. Mal der Bergklassiker von Inzing auf das Stiglreith (Oberrperfu\u00df) statt. Auch der Wettergott spielte den Inzingern an diesem Wochenende positiv mit, denn an beiden Renntagen herrschtebestes Radlerwetter bei ca. 25-27 Grad! Beim Bergrennen, das zur Tiroler Meisterschaft z\u00e4hlte \u2013 bei der Elite &#8211; ein von einem \u201eanderen Stern\u201c fahrender Emanuel N\u00f6sig \u2013 der die Konkurrenz (allerdings in Abwesenheit von Totschnig und Co) deklassierte und mit einem Vorsprung von 1:39 Minuten souver\u00e4n siegte! (und das mit einer \u201estattlichen\u201c Figur&hellip;<\/p>\n","category_list":"<a href=\"https:\/\/rad.asvi.at\/?cat=9\" rel=\"category\">Allgemein<\/a>, <a href=\"https:\/\/rad.asvi.at\/?cat=11\" rel=\"category\">Rennsport<\/a>","author_info":{"name":"Roman","url":"https:\/\/rad.asvi.at\/?author=2"},"comments_num":"0 comments","_links":{"self":[{"href":"https:\/\/rad.asvi.at\/index.php?rest_route=\/wp\/v2\/posts\/3118","targetHints":{"allow":["GET"]}}],"collection":[{"href":"https:\/\/rad.asvi.at\/index.php?rest_route=\/wp\/v2\/posts"}],"about":[{"href":"https:\/\/rad.asvi.at\/index.php?rest_route=\/wp\/v2\/types\/post"}],"author":[{"embeddable":true,"href":"https:\/\/rad.asvi.at\/index.php?rest_route=\/wp\/v2\/users\/2"}],"replies":[{"embeddable":true,"href":"https:\/\/rad.asvi.at\/index.php?rest_route=%2Fwp%2Fv2%2Fcomments&post=3118"}],"version-history":[{"count":0,"href":"https:\/\/rad.asvi.at\/index.php?rest_route=\/wp\/v2\/posts\/3118\/revisions"}],"wp:featuredmedia":[{"embeddable":true,"href":"https:\/\/rad.asvi.at\/index.php?rest_route=\/"}],"wp:attachment":[{"href":"https:\/\/rad.asvi.at\/index.php?rest_route=%2Fwp%2Fv2%2Fmedia&parent=3118"}],"wp:term":[{"taxonomy":"category","embeddable":true,"href":"https:\/\/rad.asvi.at\/index.php?rest_route=%2Fwp%2Fv2%2Fcategories&post=3118"},{"taxonomy":"post_tag","embeddable":true,"href":"https:\/\/rad.asvi.at\/index.php?rest_route=%2Fwp%2Fv2%2Ftags&post=3118"}],"curies":[{"name":"wp","href":"https:\/\/api.w.org\/{rel}","templated":true}]}}