{"id":3215,"date":"2013-06-23T23:39:35","date_gmt":"2013-06-23T21:39:35","guid":{"rendered":"http:\/\/www.radclub-inzing.at\/?p=3215"},"modified":"2013-06-23T23:39:35","modified_gmt":"2013-06-23T21:39:35","slug":"polven-race-in-bad-haring","status":"publish","type":"post","link":"https:\/\/rad.asvi.at\/?p=3215","title":{"rendered":"&#8222;P\u00f6lven Race&#8220; in Bad H\u00e4ring"},"content":{"rendered":"<p><em><strong>Ramona<\/strong><\/em> und <em><strong>Lukas Grie\u00dfer<\/strong> <\/em>fuhren an diesem Wochenende im Tiroler Unterland das sog. &#8222;P\u00f6lven Race&#8220; in Bad H\u00e4ring.\u00a0Ramona startete wieder bei U7 und hatte eine ca. 330m lange leicht ansteigende Strecke zu bew\u00e4ltigen. Sie kam auf den tollen <strong>6<\/strong>.Platz!<\/p>\n<p>In der Klasse U11 (Lukas) nahmen ca 20 Rennfahrer die sehr abwechslungsreiche Strecke (steile Anstiege, wurzelige, schmale Steige, schnelle Abfahrten) in Angriff. Lukas kam beim Start wieder super weg und konnte die erste von 2Runden lange an 4ter Stelle fahren. Leider passierte ihm in Runde 2 ein kleines Missgeschick (er kam zu Sturz!) k\u00e4mpfte aber\u00a0weiter und kam auf Platz <strong>8<\/strong> ins Ziel!<\/p>\n<p>&nbsp;<\/p>\n","protected":false},"excerpt":{"rendered":"<p>Ramona und Lukas Grie\u00dfer fuhren an diesem Wochenende im Tiroler Unterland das sog. &#8222;P\u00f6lven Race&#8220; in Bad H\u00e4ring.\u00a0Ramona startete wieder bei U7 und hatte eine ca. 330m lange leicht ansteigende Strecke zu bew\u00e4ltigen. Sie kam auf den tollen 6.Platz! In der Klasse U11 (Lukas) nahmen ca 20 Rennfahrer die sehr abwechslungsreiche Strecke (steile Anstiege, wurzelige,&hellip;&nbsp;<a href=\"https:\/\/rad.asvi.at\/?p=3215\" class=\"\" rel=\"bookmark\">Weiterlesen &raquo;<span class=\"screen-reader-text\">&#8222;P\u00f6lven Race&#8220; in Bad H\u00e4ring<\/span><\/a><\/p>\n","protected":false},"author":2,"featured_media":3219,"comment_status":"open","ping_status":"closed","sticky":false,"template":"","format":"standard","meta":{"neve_meta_sidebar":"","neve_meta_container":"","neve_meta_enable_content_width":"","neve_meta_content_width":0,"neve_meta_title_alignment":"","neve_meta_author_avatar":"","neve_post_elements_order":"","neve_meta_disable_header":"","neve_meta_disable_footer":"","neve_meta_disable_title":"","footnotes":""},"categories":[9,11],"tags":[],"class_list":["post-3215","post","type-post","status-publish","format-standard","has-post-thumbnail","hentry","category-allgemein","category-rennsport"],"featured_image_urls":{"full":"","thumbnail":"","medium":"","medium_large":"","large":"","xl":"","xxl":"","xxxl":"","xxxxl":"","xxxxxl":"","1536x1536":"","2048x2048":"","neve-blog":""},"post_excerpt_stackable":"<p>Ramona und Lukas Grie\u00dfer fuhren an diesem Wochenende im Tiroler Unterland das sog. &#8222;P\u00f6lven Race&#8220; in Bad H\u00e4ring.\u00a0Ramona startete wieder bei U7 und hatte eine ca. 330m lange leicht ansteigende Strecke zu bew\u00e4ltigen. Sie kam auf den tollen 6.Platz! In der Klasse U11 (Lukas) nahmen ca 20 Rennfahrer die sehr abwechslungsreiche Strecke (steile Anstiege, wurzelige, schmale Steige, schnelle Abfahrten) in Angriff. Lukas kam beim Start wieder super weg und konnte die erste von 2Runden lange an 4ter Stelle fahren. Leider passierte ihm in Runde 2 ein kleines Missgeschick (er kam zu Sturz!) k\u00e4mpfte aber\u00a0weiter und kam auf Platz 8 ins&hellip;<\/p>\n","category_list":"<a href=\"https:\/\/rad.asvi.at\/?cat=9\" rel=\"category\">Allgemein<\/a>, <a href=\"https:\/\/rad.asvi.at\/?cat=11\" rel=\"category\">Rennsport<\/a>","author_info":{"name":"Roman","url":"https:\/\/rad.asvi.at\/?author=2"},"comments_num":"0 comments","_links":{"self":[{"href":"https:\/\/rad.asvi.at\/index.php?rest_route=\/wp\/v2\/posts\/3215","targetHints":{"allow":["GET"]}}],"collection":[{"href":"https:\/\/rad.asvi.at\/index.php?rest_route=\/wp\/v2\/posts"}],"about":[{"href":"https:\/\/rad.asvi.at\/index.php?rest_route=\/wp\/v2\/types\/post"}],"author":[{"embeddable":true,"href":"https:\/\/rad.asvi.at\/index.php?rest_route=\/wp\/v2\/users\/2"}],"replies":[{"embeddable":true,"href":"https:\/\/rad.asvi.at\/index.php?rest_route=%2Fwp%2Fv2%2Fcomments&post=3215"}],"version-history":[{"count":0,"href":"https:\/\/rad.asvi.at\/index.php?rest_route=\/wp\/v2\/posts\/3215\/revisions"}],"wp:featuredmedia":[{"embeddable":true,"href":"https:\/\/rad.asvi.at\/index.php?rest_route=\/"}],"wp:attachment":[{"href":"https:\/\/rad.asvi.at\/index.php?rest_route=%2Fwp%2Fv2%2Fmedia&parent=3215"}],"wp:term":[{"taxonomy":"category","embeddable":true,"href":"https:\/\/rad.asvi.at\/index.php?rest_route=%2Fwp%2Fv2%2Fcategories&post=3215"},{"taxonomy":"post_tag","embeddable":true,"href":"https:\/\/rad.asvi.at\/index.php?rest_route=%2Fwp%2Fv2%2Ftags&post=3215"}],"curies":[{"name":"wp","href":"https:\/\/api.w.org\/{rel}","templated":true}]}}