{"id":3284,"date":"2013-06-29T20:31:11","date_gmt":"2013-06-29T18:31:11","guid":{"rendered":"http:\/\/www.radclub-inzing.at\/?p=3284"},"modified":"2013-06-29T20:31:11","modified_gmt":"2013-06-29T18:31:11","slug":"hannes-kapeller-bei-seiner-1-o-tour","status":"publish","type":"post","link":"https:\/\/rad.asvi.at\/?p=3284","title":{"rendered":"Hannes Kapeller bei seiner 1. \u00d6-Tour"},"content":{"rendered":"<p><em><strong><a href=\"http:\/\/www.radclub-inzing.at\/?attachment_id=3285\" rel=\"attachment wp-att-3285\"><img loading=\"lazy\" decoding=\"async\" class=\"alignnone size-medium wp-image-3285\" title=\"hannes kapeller2_foto walter andre\" src=\"http:\/\/www.radclub-inzing.at\/wp-content\/uploads\/2013\/06\/hannes-kapeller2_foto-walter-andre-300x199.jpg\" alt=\"\" width=\"300\" height=\"199\" \/><\/a>\u00a0<img decoding=\"async\" src=\"http:\/\/www.radclub-inzing.at\/wp-content\/uploads\/2013\/06\/tirol-team-goes-\u00f6tour-150x150.jpg\" alt=\"\" \/><\/strong><\/em><\/p>\n<p><em><strong>Hannes Kapeller,<\/strong><\/em> unser ehemaliges Nachwuchs-Aush\u00e4ngeschild, der seit einigen Jahren in den Diensten des Team Tirol erfolgreich Rennen im In- und Ausland bestreitet, startet morgen Sonntag 30.06. zu seiner <strong>1. \u00d6sterreich-Rundfahrt<\/strong>! Der sympathische Stamser z\u00e4hlt zu den &#8222;Edelhelfern&#8220; im Team, dessen Qualit\u00e4ten vor allem in der\u00a0bedingungslosen Arbeit f\u00fcr die Mannschaft sehr gesch\u00e4tzt werden.<\/p>\n<p>Gleich morgen bei der 1. Etappe (Innsbruck &#8211; 6xAxams\/V\u00f6ls &#8211; K\u00fchtai) w\u00e4re Gelegenheit den Hannes anzufeuern &#8211; auch wenn diese &#8222;Bergetappe&#8220; (\u00fcber 3000Hm auf 130 km!) nicht unbedingt nach seinem Geschmack sein wird!<\/p>\n<p>Wir w\u00fcnschen unserem ehemaligen Sch\u00fctzling jedenfalls Alles Gute bei seiner ersten \u00d6-Tour und halten ihm fest die Daumen!!<\/p>\n","protected":false},"excerpt":{"rendered":"<p>\u00a0 Hannes Kapeller, unser ehemaliges Nachwuchs-Aush\u00e4ngeschild, der seit einigen Jahren in den Diensten des Team Tirol erfolgreich Rennen im In- und Ausland bestreitet, startet morgen Sonntag 30.06. zu seiner 1. \u00d6sterreich-Rundfahrt! Der sympathische Stamser z\u00e4hlt zu den &#8222;Edelhelfern&#8220; im Team, dessen Qualit\u00e4ten vor allem in der\u00a0bedingungslosen Arbeit f\u00fcr die Mannschaft sehr gesch\u00e4tzt werden. Gleich morgen&hellip;&nbsp;<a href=\"https:\/\/rad.asvi.at\/?p=3284\" class=\"\" rel=\"bookmark\">Weiterlesen &raquo;<span class=\"screen-reader-text\">Hannes Kapeller bei seiner 1. \u00d6-Tour<\/span><\/a><\/p>\n","protected":false},"author":2,"featured_media":3285,"comment_status":"open","ping_status":"closed","sticky":false,"template":"","format":"standard","meta":{"neve_meta_sidebar":"","neve_meta_container":"","neve_meta_enable_content_width":"","neve_meta_content_width":0,"neve_meta_title_alignment":"","neve_meta_author_avatar":"","neve_post_elements_order":"","neve_meta_disable_header":"","neve_meta_disable_footer":"","neve_meta_disable_title":"","footnotes":""},"categories":[9,11],"tags":[],"class_list":["post-3284","post","type-post","status-publish","format-standard","has-post-thumbnail","hentry","category-allgemein","category-rennsport"],"featured_image_urls":{"full":"","thumbnail":"","medium":"","medium_large":"","large":"","xl":"","xxl":"","xxxl":"","xxxxl":"","xxxxxl":"","1536x1536":"","2048x2048":"","neve-blog":""},"post_excerpt_stackable":"<p>\u00a0 Hannes Kapeller, unser ehemaliges Nachwuchs-Aush\u00e4ngeschild, der seit einigen Jahren in den Diensten des Team Tirol erfolgreich Rennen im In- und Ausland bestreitet, startet morgen Sonntag 30.06. zu seiner 1. \u00d6sterreich-Rundfahrt! Der sympathische Stamser z\u00e4hlt zu den &#8222;Edelhelfern&#8220; im Team, dessen Qualit\u00e4ten vor allem in der\u00a0bedingungslosen Arbeit f\u00fcr die Mannschaft sehr gesch\u00e4tzt werden. Gleich morgen bei der 1. Etappe (Innsbruck &#8211; 6xAxams\/V\u00f6ls &#8211; K\u00fchtai) w\u00e4re Gelegenheit den Hannes anzufeuern &#8211; auch wenn diese &#8222;Bergetappe&#8220; (\u00fcber 3000Hm auf 130 km!) nicht unbedingt nach seinem Geschmack sein wird! Wir w\u00fcnschen unserem ehemaligen Sch\u00fctzling jedenfalls Alles Gute bei seiner ersten \u00d6-Tour und halten&hellip;<\/p>\n","category_list":"<a href=\"https:\/\/rad.asvi.at\/?cat=9\" rel=\"category\">Allgemein<\/a>, <a href=\"https:\/\/rad.asvi.at\/?cat=11\" rel=\"category\">Rennsport<\/a>","author_info":{"name":"Roman","url":"https:\/\/rad.asvi.at\/?author=2"},"comments_num":"0 comments","_links":{"self":[{"href":"https:\/\/rad.asvi.at\/index.php?rest_route=\/wp\/v2\/posts\/3284","targetHints":{"allow":["GET"]}}],"collection":[{"href":"https:\/\/rad.asvi.at\/index.php?rest_route=\/wp\/v2\/posts"}],"about":[{"href":"https:\/\/rad.asvi.at\/index.php?rest_route=\/wp\/v2\/types\/post"}],"author":[{"embeddable":true,"href":"https:\/\/rad.asvi.at\/index.php?rest_route=\/wp\/v2\/users\/2"}],"replies":[{"embeddable":true,"href":"https:\/\/rad.asvi.at\/index.php?rest_route=%2Fwp%2Fv2%2Fcomments&post=3284"}],"version-history":[{"count":0,"href":"https:\/\/rad.asvi.at\/index.php?rest_route=\/wp\/v2\/posts\/3284\/revisions"}],"wp:featuredmedia":[{"embeddable":true,"href":"https:\/\/rad.asvi.at\/index.php?rest_route=\/"}],"wp:attachment":[{"href":"https:\/\/rad.asvi.at\/index.php?rest_route=%2Fwp%2Fv2%2Fmedia&parent=3284"}],"wp:term":[{"taxonomy":"category","embeddable":true,"href":"https:\/\/rad.asvi.at\/index.php?rest_route=%2Fwp%2Fv2%2Fcategories&post=3284"},{"taxonomy":"post_tag","embeddable":true,"href":"https:\/\/rad.asvi.at\/index.php?rest_route=%2Fwp%2Fv2%2Ftags&post=3284"}],"curies":[{"name":"wp","href":"https:\/\/api.w.org\/{rel}","templated":true}]}}