{"id":3368,"date":"2013-07-09T22:01:27","date_gmt":"2013-07-09T20:01:27","guid":{"rendered":"http:\/\/www.radclub-inzing.at\/?p=3368"},"modified":"2013-07-09T22:01:27","modified_gmt":"2013-07-09T20:01:27","slug":"europameister-alexander-wachter-in-hochform","status":"publish","type":"post","link":"https:\/\/rad.asvi.at\/?p=3368","title":{"rendered":"Europameister Alexander Wachter in Hochform"},"content":{"rendered":"<div><a href=\"http:\/\/www.radsportverband.at\/index.php?eID=tx_cms_showpic&amp;file=uploads%2Fpics%2FGPPattonWachter3.jpg&amp;md5=2edaa4901a37b333250102ece2b40f7dc89d9e3e&amp;parameters[0]=YTo0OntzOjU6IndpZHRoIjtzOjQ6IjgwMG0iO3M6NjoiaGVpZ2h0IjtzOjM6IjYw&amp;parameters[1]=MCI7czo3OiJib2R5VGFnIjtzOjQyOiI8Ym9keSBiZ0NvbG9yPSIjZmZmZmZmIiBz&amp;parameters[2]=dHlsZT0ibWFyZ2luOjA7Ij4iO3M6NDoid3JhcCI7czozNzoiPGEgaHJlZj0iamF2&amp;parameters[3]=YXNjcmlwdDpjbG9zZSgpOyI%2BIHwgPC9hPiI7fQ%3D%3D\" target=\"\" rel=\"noopener\"><img loading=\"lazy\" decoding=\"async\" src=\"http:\/\/www.radsportverband.at\/typo3temp\/pics\/fb5e991293.jpg\" alt=\"\" width=\"240\" height=\"160\" border=\"0\" \/><\/a><\/div>\n<p>&nbsp;<\/p>\n<p>In guter Form zeigte sich Europameister <em><strong>Alexander Wachter<\/strong> (\u00d6AMTC RAIKA KLEIDER MAIR ASV INZING) <\/em>bei der Nations CUP Rundfahrt General Patton in <strong>Luxemburg<\/strong>.\u00a0 Auf der zweiten Etappe gelang ihm mit dem Holl\u00e4nder Van der Poel und dem Belgier Van Hooydong 30 km vor dem Ziel die Flucht und das Trio rettete sich 32 Sekunden bzw. 2:38 min vor den Verfolgern und dem Feld ins Ziel!<\/p>\n<p>Alexander\u00a0 Wachter wurde <strong>Etappenzweiter<\/strong> und\u00a0 in der <strong>Gesamtwertung<\/strong> belegte er den <strong>dritten Platz<\/strong>!<\/p>\n<p>Der Formaufbau stimmt jedenfalls zuversichtlich f\u00fcr die in k\u00fcrze stattfindende Europameisterschaft in Tschechien!\u00a0Denn\u00a0in den\u00a0n\u00e4chsten zwei Wochen geht es Schlag auf Schlag: von Freitag 12. bis Sonntag 14.Juli findet die Int. O\u00d6-Rundfahrt f\u00fcr Junioren statt. Eine Woche sp\u00e4ter dann bereits die Gelegenheit f\u00fcr Wachter seinen Europameistertitel zu verteidigen: am Do 18. Juli bestreitet er das Einzelzeitfahren und am Sa 20.Juli das Strassenrennen.<\/p>\n","protected":false},"excerpt":{"rendered":"<p>&nbsp; In guter Form zeigte sich Europameister Alexander Wachter (\u00d6AMTC RAIKA KLEIDER MAIR ASV INZING) bei der Nations CUP Rundfahrt General Patton in Luxemburg.\u00a0 Auf der zweiten Etappe gelang ihm mit dem Holl\u00e4nder Van der Poel und dem Belgier Van Hooydong 30 km vor dem Ziel die Flucht und das Trio rettete sich 32 Sekunden&hellip;&nbsp;<a href=\"https:\/\/rad.asvi.at\/?p=3368\" class=\"\" rel=\"bookmark\">Weiterlesen &raquo;<span class=\"screen-reader-text\">Europameister Alexander Wachter in Hochform<\/span><\/a><\/p>\n","protected":false},"author":2,"featured_media":3369,"comment_status":"open","ping_status":"closed","sticky":false,"template":"","format":"standard","meta":{"neve_meta_sidebar":"","neve_meta_container":"","neve_meta_enable_content_width":"","neve_meta_content_width":0,"neve_meta_title_alignment":"","neve_meta_author_avatar":"","neve_post_elements_order":"","neve_meta_disable_header":"","neve_meta_disable_footer":"","neve_meta_disable_title":"","footnotes":""},"categories":[9,11],"tags":[],"class_list":["post-3368","post","type-post","status-publish","format-standard","has-post-thumbnail","hentry","category-allgemein","category-rennsport"],"featured_image_urls":{"full":"","thumbnail":"","medium":"","medium_large":"","large":"","xl":"","xxl":"","xxxl":"","xxxxl":"","xxxxxl":"","1536x1536":"","2048x2048":"","neve-blog":""},"post_excerpt_stackable":"<p>&nbsp; In guter Form zeigte sich Europameister Alexander Wachter (\u00d6AMTC RAIKA KLEIDER MAIR ASV INZING) bei der Nations CUP Rundfahrt General Patton in Luxemburg.\u00a0 Auf der zweiten Etappe gelang ihm mit dem Holl\u00e4nder Van der Poel und dem Belgier Van Hooydong 30 km vor dem Ziel die Flucht und das Trio rettete sich 32 Sekunden bzw. 2:38 min vor den Verfolgern und dem Feld ins Ziel! Alexander\u00a0 Wachter wurde Etappenzweiter und\u00a0 in der Gesamtwertung belegte er den dritten Platz! Der Formaufbau stimmt jedenfalls zuversichtlich f\u00fcr die in k\u00fcrze stattfindende Europameisterschaft in Tschechien!\u00a0Denn\u00a0in den\u00a0n\u00e4chsten zwei Wochen geht es Schlag auf Schlag:&hellip;<\/p>\n","category_list":"<a href=\"https:\/\/rad.asvi.at\/?cat=9\" rel=\"category\">Allgemein<\/a>, <a href=\"https:\/\/rad.asvi.at\/?cat=11\" rel=\"category\">Rennsport<\/a>","author_info":{"name":"Roman","url":"https:\/\/rad.asvi.at\/?author=2"},"comments_num":"0 comments","_links":{"self":[{"href":"https:\/\/rad.asvi.at\/index.php?rest_route=\/wp\/v2\/posts\/3368","targetHints":{"allow":["GET"]}}],"collection":[{"href":"https:\/\/rad.asvi.at\/index.php?rest_route=\/wp\/v2\/posts"}],"about":[{"href":"https:\/\/rad.asvi.at\/index.php?rest_route=\/wp\/v2\/types\/post"}],"author":[{"embeddable":true,"href":"https:\/\/rad.asvi.at\/index.php?rest_route=\/wp\/v2\/users\/2"}],"replies":[{"embeddable":true,"href":"https:\/\/rad.asvi.at\/index.php?rest_route=%2Fwp%2Fv2%2Fcomments&post=3368"}],"version-history":[{"count":0,"href":"https:\/\/rad.asvi.at\/index.php?rest_route=\/wp\/v2\/posts\/3368\/revisions"}],"wp:featuredmedia":[{"embeddable":true,"href":"https:\/\/rad.asvi.at\/index.php?rest_route=\/"}],"wp:attachment":[{"href":"https:\/\/rad.asvi.at\/index.php?rest_route=%2Fwp%2Fv2%2Fmedia&parent=3368"}],"wp:term":[{"taxonomy":"category","embeddable":true,"href":"https:\/\/rad.asvi.at\/index.php?rest_route=%2Fwp%2Fv2%2Fcategories&post=3368"},{"taxonomy":"post_tag","embeddable":true,"href":"https:\/\/rad.asvi.at\/index.php?rest_route=%2Fwp%2Fv2%2Ftags&post=3368"}],"curies":[{"name":"wp","href":"https:\/\/api.w.org\/{rel}","templated":true}]}}