{"id":3374,"date":"2013-07-12T23:32:36","date_gmt":"2013-07-12T21:32:36","guid":{"rendered":"http:\/\/www.radclub-inzing.at\/?p=3374"},"modified":"2013-07-12T23:32:36","modified_gmt":"2013-07-12T21:32:36","slug":"alexander-wachter-auf-den-spuren-von-bernhard-eisel","status":"publish","type":"post","link":"https:\/\/rad.asvi.at\/?p=3374","title":{"rendered":"Alexander Wachter auf den Spuren von Bernhard Eisel"},"content":{"rendered":"<p><strong>Alexander Wachter gewinnt die erste Etappe der Int. \u00d6O-Rundfahrt f\u00fcr Junioren!<\/strong><\/p>\n<p>Die Superlativen der Traditionsveranstaltung O\u00d6-Juniorenradrundfahrt (12.\u201314. Juli 2013 &#8211; 314,4km &#8211; Kategorie: UCI MJ 2.1) sind bekannt:\u00a0Sie ist eines der wichtigsten Nachwuchsradrennen der Welt. Topstars wie Boonen, Cancellara und Ulrich waren ebenso zu Gast wie Bernhard Eisel, der seiner Vorstellung im Jahr 1999 gar sein erstes Auslandsengagement verdankt. Doch nicht nur die Weltklasse, sondern vor allem der heimische Radsportnachwuchs profitiert enorm von diesem internationalen Kr\u00e4ftevergleich der Unter-19j\u00e4hrigen.<\/p>\n<p>Alexander Wachter vom \u00d6AMTC RAIKA KLEIDER MAIR ASV INZING hat schon letzte Woche mit einem 3. Gesamtplatz in Luxenburg aufsteigende Form bewiesen und sich f\u00fcr die O\u00d6-Rundfahrt viel vorgenommen. Dass er bereits bei der ersten Etappe ganz oben auf dem Treppchen steht zeigt, was f\u00fcr ein Potential\u00a0der junge Rennfahrer hat. V.a. wenn man den Verlauf des Rennens betrachtet: Alexander war bereits bei der letzten Bergwertung vor dem Ziel solo vorne weg &#8211; er wurde dann aber wieder vom Feld eingeholt und hatte im Massensprint trotzdem noch gen\u00fcgend K\u00f6rner um sich den Sieg zu holen.<\/p>\n<p>Auch Fabian Morianz hat das Ziel der ersten Etappe (die leider von zahlreichen St\u00fcrzen gepr\u00e4gt war) unbeschadet mit 45 sec. R\u00fcckstand erreicht.<\/p>\n<p>Ergebnisse auf: <a href=\"http:\/\/www.computerauswertung.at\/veranstaltungen\/2013\/130714\/1.Stage.pdf\">http:\/\/www.computerauswertung.at\/veranstaltungen\/2013\/130714\/1.Stage.pdf<\/a><\/p>\n","protected":false},"excerpt":{"rendered":"<p>Alexander Wachter gewinnt die erste Etappe der Int. \u00d6O-Rundfahrt f\u00fcr Junioren! Die Superlativen der Traditionsveranstaltung O\u00d6-Juniorenradrundfahrt (12.\u201314. Juli 2013 &#8211; 314,4km &#8211; Kategorie: UCI MJ 2.1) sind bekannt:\u00a0Sie ist eines der wichtigsten Nachwuchsradrennen der Welt. Topstars wie Boonen, Cancellara und Ulrich waren ebenso zu Gast wie Bernhard Eisel, der seiner Vorstellung im Jahr 1999 gar&hellip;&nbsp;<a href=\"https:\/\/rad.asvi.at\/?p=3374\" class=\"\" rel=\"bookmark\">Weiterlesen &raquo;<span class=\"screen-reader-text\">Alexander Wachter auf den Spuren von Bernhard Eisel<\/span><\/a><\/p>\n","protected":false},"author":2,"featured_media":3085,"comment_status":"open","ping_status":"closed","sticky":false,"template":"","format":"standard","meta":{"neve_meta_sidebar":"","neve_meta_container":"","neve_meta_enable_content_width":"","neve_meta_content_width":0,"neve_meta_title_alignment":"","neve_meta_author_avatar":"","neve_post_elements_order":"","neve_meta_disable_header":"","neve_meta_disable_footer":"","neve_meta_disable_title":"","footnotes":""},"categories":[9,11],"tags":[],"class_list":["post-3374","post","type-post","status-publish","format-standard","has-post-thumbnail","hentry","category-allgemein","category-rennsport"],"featured_image_urls":{"full":"","thumbnail":"","medium":"","medium_large":"","large":"","xl":"","xxl":"","xxxl":"","xxxxl":"","xxxxxl":"","1536x1536":"","2048x2048":"","neve-blog":""},"post_excerpt_stackable":"<p>Alexander Wachter gewinnt die erste Etappe der Int. \u00d6O-Rundfahrt f\u00fcr Junioren! Die Superlativen der Traditionsveranstaltung O\u00d6-Juniorenradrundfahrt (12.\u201314. Juli 2013 &#8211; 314,4km &#8211; Kategorie: UCI MJ 2.1) sind bekannt:\u00a0Sie ist eines der wichtigsten Nachwuchsradrennen der Welt. Topstars wie Boonen, Cancellara und Ulrich waren ebenso zu Gast wie Bernhard Eisel, der seiner Vorstellung im Jahr 1999 gar sein erstes Auslandsengagement verdankt. Doch nicht nur die Weltklasse, sondern vor allem der heimische Radsportnachwuchs profitiert enorm von diesem internationalen Kr\u00e4ftevergleich der Unter-19j\u00e4hrigen. Alexander Wachter vom \u00d6AMTC RAIKA KLEIDER MAIR ASV INZING hat schon letzte Woche mit einem 3. Gesamtplatz in Luxenburg aufsteigende Form bewiesen&hellip;<\/p>\n","category_list":"<a href=\"https:\/\/rad.asvi.at\/?cat=9\" rel=\"category\">Allgemein<\/a>, <a href=\"https:\/\/rad.asvi.at\/?cat=11\" rel=\"category\">Rennsport<\/a>","author_info":{"name":"Roman","url":"https:\/\/rad.asvi.at\/?author=2"},"comments_num":"0 comments","_links":{"self":[{"href":"https:\/\/rad.asvi.at\/index.php?rest_route=\/wp\/v2\/posts\/3374","targetHints":{"allow":["GET"]}}],"collection":[{"href":"https:\/\/rad.asvi.at\/index.php?rest_route=\/wp\/v2\/posts"}],"about":[{"href":"https:\/\/rad.asvi.at\/index.php?rest_route=\/wp\/v2\/types\/post"}],"author":[{"embeddable":true,"href":"https:\/\/rad.asvi.at\/index.php?rest_route=\/wp\/v2\/users\/2"}],"replies":[{"embeddable":true,"href":"https:\/\/rad.asvi.at\/index.php?rest_route=%2Fwp%2Fv2%2Fcomments&post=3374"}],"version-history":[{"count":0,"href":"https:\/\/rad.asvi.at\/index.php?rest_route=\/wp\/v2\/posts\/3374\/revisions"}],"wp:featuredmedia":[{"embeddable":true,"href":"https:\/\/rad.asvi.at\/index.php?rest_route=\/"}],"wp:attachment":[{"href":"https:\/\/rad.asvi.at\/index.php?rest_route=%2Fwp%2Fv2%2Fmedia&parent=3374"}],"wp:term":[{"taxonomy":"category","embeddable":true,"href":"https:\/\/rad.asvi.at\/index.php?rest_route=%2Fwp%2Fv2%2Fcategories&post=3374"},{"taxonomy":"post_tag","embeddable":true,"href":"https:\/\/rad.asvi.at\/index.php?rest_route=%2Fwp%2Fv2%2Ftags&post=3374"}],"curies":[{"name":"wp","href":"https:\/\/api.w.org\/{rel}","templated":true}]}}