{"id":3379,"date":"2013-07-16T11:57:33","date_gmt":"2013-07-16T09:57:33","guid":{"rendered":"http:\/\/www.radclub-inzing.at\/?p=3379"},"modified":"2013-07-16T11:57:33","modified_gmt":"2013-07-16T09:57:33","slug":"alexander-wachter-holt-sich-das-trikot-des-punktebesten-bei-der-oo-rundfahrt","status":"publish","type":"post","link":"https:\/\/rad.asvi.at\/?p=3379","title":{"rendered":"Alexander Wachter holt sich das Trikot des Punktebesten bei der O\u00d6-Rundfahrt"},"content":{"rendered":"<div>\u00a0<\/div>\n<p>\u00a0<img loading=\"lazy\" decoding=\"async\" id=\"il_fi\" src=\"http:\/\/www.directvelo.com\/file_upload\/4420.JPG\" alt=\"\" width=\"457\" height=\"671\" \/><\/p>\n<p>&nbsp;<\/p>\n<p>Eine gelungene Generalprobe f\u00fcr die am kommenden Wochenende stattfindenden Europameisterschaften in Olm\u00fctz (CZE) lieferte das \u00d6RV-Junioren-Nationalteam ab. In der Besetzung Benjamin Brkic, Lukas Schlemmer, <strong>Alexander Wachter<\/strong>, Mario Stock. Florian Schipflinger und Oliver Pinter stellte man sich gro\u00dfer internationaler Konkurrenz (161 Starter aus 16 Nationen) und verstand es durchaus zu \u00fcberzeugen.<\/p>\n<p>Gleich bei der ersten Etappe von Ansfelden\/Haid nach Marchtrenkt zeigte der regierende Europameister <strong>Alexander Wachter<\/strong> seine Klasse und verwies nach einem von vielen St\u00fcrzen und hektischem Rennverlauf gezeichneten Rennen den Deutschen Jonathan Dinkler und den Franzosen Mathieu Morichon im Sprint auf die Pl\u00e4tze.<\/p>\n<p>Bei der zweiten schweren Etappe (2 x Rechberg!) von der Linzer Lentia City nach Perg war f\u00fcr <strong>Wachter<\/strong> die 2. Rechberg-Passage um einen Deut zu schwer, daf\u00fcr ergriff aber sein Tiroler Landsmann Benjamin Brkic &#8211; er hatte am Vortag noch das Sprintfinale f\u00fcr <strong>Wachter<\/strong> angezogen &#8211; die Initiative und brachte gemeinsam mit dem sp\u00e4teren Gesamtsieger aus Slowenien, David Per, einen Fluchtversuch erfolgreich ins Ziel. Beim letzten Kreisverkehr sch\u00fcttelte Per Brkic ab und gewann mit einem 10-Sek.-Vorsprung.<\/p>\n<p>Auf dem von vielen Attacken, aber auch Defekten, St\u00fcrzen und winkeligen Strassen gepr\u00e4gten 3. Teilst\u00fcck von Bad Wimsbach nach Attnang\/Puchheim kommt es zum Sprint Royal, den der erst 17j\u00e4hrige Belgier Enzo Wouters vor seinen um ein Jahr \u00e4lteren Landsleuten Jente Biermans und Piet Allegaert gewinnt. Bester \u00d6sterreicher auf dieser Etappe: <strong>Alexander Wachter<\/strong> als F\u00fcnfter.<\/p>\n<p>Der Gesamtsieg geht somit wie schon im Vorjahr nach Slowenien. David Per verteidigt seinen zehnsek\u00fcndigen Vorsprung auf den \u00f6sterreichischen Nationalteamfahrer Benjamin Brkic. Weitere 30sec dahinter schafft es Piet Allegaert (Bel) als dritter aufs Podium. Das <strong>\u00d6sterr. Nationalteam<\/strong> holt sich die <strong>Mannschaftswertung,<\/strong> <strong>Alexander Wachter gewinnt die Punktewertung!<\/strong><\/p>\n<p><strong>Fabian Morianz <\/strong>(ebenfalls \u00d6AMTC RAIKA KLEIDERMAIR ASV INZING) fuhr in einem von zwei Regionalteams, konnte als Erstj\u00e4hriger viel Erfahrung sammelnnd und beendete die Rundfahrt auf dem 88. Gesamtplatz.<\/p>\n<p>Ergebnisse auf: <a href=\"http:\/\/www.computerauswertung.at\">www.computerauswertung.at<\/a><\/p>\n<p>&nbsp;<\/p>\n<p>&nbsp;<\/p>\n","protected":false},"excerpt":{"rendered":"<p>\u00a0 \u00a0 &nbsp; Eine gelungene Generalprobe f\u00fcr die am kommenden Wochenende stattfindenden Europameisterschaften in Olm\u00fctz (CZE) lieferte das \u00d6RV-Junioren-Nationalteam ab. In der Besetzung Benjamin Brkic, Lukas Schlemmer, Alexander Wachter, Mario Stock. Florian Schipflinger und Oliver Pinter stellte man sich gro\u00dfer internationaler Konkurrenz (161 Starter aus 16 Nationen) und verstand es durchaus zu \u00fcberzeugen. Gleich bei&hellip;&nbsp;<a href=\"https:\/\/rad.asvi.at\/?p=3379\" class=\"\" rel=\"bookmark\">Weiterlesen &raquo;<span class=\"screen-reader-text\">Alexander Wachter holt sich das Trikot des Punktebesten bei der O\u00d6-Rundfahrt<\/span><\/a><\/p>\n","protected":false},"author":2,"featured_media":3080,"comment_status":"open","ping_status":"closed","sticky":false,"template":"","format":"standard","meta":{"neve_meta_sidebar":"","neve_meta_container":"","neve_meta_enable_content_width":"","neve_meta_content_width":0,"neve_meta_title_alignment":"","neve_meta_author_avatar":"","neve_post_elements_order":"","neve_meta_disable_header":"","neve_meta_disable_footer":"","neve_meta_disable_title":"","footnotes":""},"categories":[9,11],"tags":[],"class_list":["post-3379","post","type-post","status-publish","format-standard","has-post-thumbnail","hentry","category-allgemein","category-rennsport"],"featured_image_urls":{"full":"","thumbnail":"","medium":"","medium_large":"","large":"","xl":"","xxl":"","xxxl":"","xxxxl":"","xxxxxl":"","1536x1536":"","2048x2048":"","neve-blog":""},"post_excerpt_stackable":"<p>\u00a0 \u00a0 &nbsp; Eine gelungene Generalprobe f\u00fcr die am kommenden Wochenende stattfindenden Europameisterschaften in Olm\u00fctz (CZE) lieferte das \u00d6RV-Junioren-Nationalteam ab. In der Besetzung Benjamin Brkic, Lukas Schlemmer, Alexander Wachter, Mario Stock. Florian Schipflinger und Oliver Pinter stellte man sich gro\u00dfer internationaler Konkurrenz (161 Starter aus 16 Nationen) und verstand es durchaus zu \u00fcberzeugen. Gleich bei der ersten Etappe von Ansfelden\/Haid nach Marchtrenkt zeigte der regierende Europameister Alexander Wachter seine Klasse und verwies nach einem von vielen St\u00fcrzen und hektischem Rennverlauf gezeichneten Rennen den Deutschen Jonathan Dinkler und den Franzosen Mathieu Morichon im Sprint auf die Pl\u00e4tze. Bei der zweiten schweren&hellip;<\/p>\n","category_list":"<a href=\"https:\/\/rad.asvi.at\/?cat=9\" rel=\"category\">Allgemein<\/a>, <a href=\"https:\/\/rad.asvi.at\/?cat=11\" rel=\"category\">Rennsport<\/a>","author_info":{"name":"Roman","url":"https:\/\/rad.asvi.at\/?author=2"},"comments_num":"0 comments","_links":{"self":[{"href":"https:\/\/rad.asvi.at\/index.php?rest_route=\/wp\/v2\/posts\/3379","targetHints":{"allow":["GET"]}}],"collection":[{"href":"https:\/\/rad.asvi.at\/index.php?rest_route=\/wp\/v2\/posts"}],"about":[{"href":"https:\/\/rad.asvi.at\/index.php?rest_route=\/wp\/v2\/types\/post"}],"author":[{"embeddable":true,"href":"https:\/\/rad.asvi.at\/index.php?rest_route=\/wp\/v2\/users\/2"}],"replies":[{"embeddable":true,"href":"https:\/\/rad.asvi.at\/index.php?rest_route=%2Fwp%2Fv2%2Fcomments&post=3379"}],"version-history":[{"count":0,"href":"https:\/\/rad.asvi.at\/index.php?rest_route=\/wp\/v2\/posts\/3379\/revisions"}],"wp:featuredmedia":[{"embeddable":true,"href":"https:\/\/rad.asvi.at\/index.php?rest_route=\/"}],"wp:attachment":[{"href":"https:\/\/rad.asvi.at\/index.php?rest_route=%2Fwp%2Fv2%2Fmedia&parent=3379"}],"wp:term":[{"taxonomy":"category","embeddable":true,"href":"https:\/\/rad.asvi.at\/index.php?rest_route=%2Fwp%2Fv2%2Fcategories&post=3379"},{"taxonomy":"post_tag","embeddable":true,"href":"https:\/\/rad.asvi.at\/index.php?rest_route=%2Fwp%2Fv2%2Ftags&post=3379"}],"curies":[{"name":"wp","href":"https:\/\/api.w.org\/{rel}","templated":true}]}}