{"id":3500,"date":"2013-08-06T16:35:09","date_gmt":"2013-08-06T14:35:09","guid":{"rendered":"http:\/\/www.radclub-inzing.at\/?p=3500"},"modified":"2013-08-06T16:35:09","modified_gmt":"2013-08-06T14:35:09","slug":"wachter-und-morianz-holen-gold-bei-der-om-im-paarzeitfahren","status":"publish","type":"post","link":"https:\/\/rad.asvi.at\/?p=3500","title":{"rendered":"Wachter und Morianz holen Gold bei der \u00d6M im Paarzeitfahren!"},"content":{"rendered":"<p><strong><span style=\"text-decoration: underline;\">\u00d6M-Einzelzeit- und Paarzeitfahren\/Trieben bzw. Mautern (Obersteiermark)<\/span><\/strong><\/p>\n<p>&nbsp;<\/p>\n<p>Samstag 03. Und Sonntag 04. August 2013 fanden die diesj\u00e4hrigen \u00d6sterreichische Meisterschaften im Einzelzeit- und Mannschafts- bzw. Paarzeitfahren statt. Beinahe 400 Starter (!) nahmen alleine am Samstag das Ezf in Angriff.<\/p>\n<p>W\u00e4hrend es am Samstag f\u00fcr die <strong>Inzinger<\/strong> Nachwuchshoffnungen vom \u00d6AMTC RAIKA KLEIDERMAIR ASVI noch nicht ganz nach Wunsch lief \u2013 Alexander Wachter wurde <strong>3.<\/strong> und Fabian Morianz <strong>6.<\/strong> \u2013 lie\u00dfen die beiden am Sonntag beim Paarzeitfahren nichts \u201eanbrennen\u201c und <strong>siegten<\/strong> mit \u00fcber 24 sec. Vorsprung! Die Rennen waren gepr\u00e4gt von einer regelrechten \u201eAffenhitzte\u201c \u2013 an beiden Tagen hatten die Junioren erst nach 13:00 Start! Das Thermometer zeigte \u00fcber 36 Grad Celsius im Schatten! Die Sonne \u201ebrennte\u201c aber gnadenlos vom Himmel, sodass es in Wirklichkeit noch viel hei\u00dfer war \u2013 f\u00fcr manchen war das sicher ein entscheidender leistungsmindernder Faktor.<\/p>\n<p>\u00a0<a href=\"http:\/\/www.arboe-trieben.at\/offizielle_ergebnisliste.pdf\">http:\/\/www.arboe-trieben.at\/offizielle_ergebnisliste.pdf<\/a><\/p>\n","protected":false},"excerpt":{"rendered":"<p>\u00d6M-Einzelzeit- und Paarzeitfahren\/Trieben bzw. Mautern (Obersteiermark) &nbsp; Samstag 03. Und Sonntag 04. August 2013 fanden die diesj\u00e4hrigen \u00d6sterreichische Meisterschaften im Einzelzeit- und Mannschafts- bzw. Paarzeitfahren statt. Beinahe 400 Starter (!) nahmen alleine am Samstag das Ezf in Angriff. W\u00e4hrend es am Samstag f\u00fcr die Inzinger Nachwuchshoffnungen vom \u00d6AMTC RAIKA KLEIDERMAIR ASVI noch nicht ganz nach&hellip;&nbsp;<a href=\"https:\/\/rad.asvi.at\/?p=3500\" class=\"\" rel=\"bookmark\">Weiterlesen &raquo;<span class=\"screen-reader-text\">Wachter und Morianz holen Gold bei der \u00d6M im Paarzeitfahren!<\/span><\/a><\/p>\n","protected":false},"author":2,"featured_media":3497,"comment_status":"open","ping_status":"closed","sticky":false,"template":"","format":"standard","meta":{"neve_meta_sidebar":"","neve_meta_container":"","neve_meta_enable_content_width":"","neve_meta_content_width":0,"neve_meta_title_alignment":"","neve_meta_author_avatar":"","neve_post_elements_order":"","neve_meta_disable_header":"","neve_meta_disable_footer":"","neve_meta_disable_title":"","footnotes":""},"categories":[9,11],"tags":[],"class_list":["post-3500","post","type-post","status-publish","format-standard","has-post-thumbnail","hentry","category-allgemein","category-rennsport"],"featured_image_urls":{"full":"","thumbnail":"","medium":"","medium_large":"","large":"","xl":"","xxl":"","xxxl":"","xxxxl":"","xxxxxl":"","1536x1536":"","2048x2048":"","neve-blog":""},"post_excerpt_stackable":"<p>\u00d6M-Einzelzeit- und Paarzeitfahren\/Trieben bzw. Mautern (Obersteiermark) &nbsp; Samstag 03. Und Sonntag 04. August 2013 fanden die diesj\u00e4hrigen \u00d6sterreichische Meisterschaften im Einzelzeit- und Mannschafts- bzw. Paarzeitfahren statt. Beinahe 400 Starter (!) nahmen alleine am Samstag das Ezf in Angriff. W\u00e4hrend es am Samstag f\u00fcr die Inzinger Nachwuchshoffnungen vom \u00d6AMTC RAIKA KLEIDERMAIR ASVI noch nicht ganz nach Wunsch lief \u2013 Alexander Wachter wurde 3. und Fabian Morianz 6. \u2013 lie\u00dfen die beiden am Sonntag beim Paarzeitfahren nichts \u201eanbrennen\u201c und siegten mit \u00fcber 24 sec. Vorsprung! Die Rennen waren gepr\u00e4gt von einer regelrechten \u201eAffenhitzte\u201c \u2013 an beiden Tagen hatten die Junioren erst nach&hellip;<\/p>\n","category_list":"<a href=\"https:\/\/rad.asvi.at\/?cat=9\" rel=\"category\">Allgemein<\/a>, <a href=\"https:\/\/rad.asvi.at\/?cat=11\" rel=\"category\">Rennsport<\/a>","author_info":{"name":"Roman","url":"https:\/\/rad.asvi.at\/?author=2"},"comments_num":"0 comments","_links":{"self":[{"href":"https:\/\/rad.asvi.at\/index.php?rest_route=\/wp\/v2\/posts\/3500","targetHints":{"allow":["GET"]}}],"collection":[{"href":"https:\/\/rad.asvi.at\/index.php?rest_route=\/wp\/v2\/posts"}],"about":[{"href":"https:\/\/rad.asvi.at\/index.php?rest_route=\/wp\/v2\/types\/post"}],"author":[{"embeddable":true,"href":"https:\/\/rad.asvi.at\/index.php?rest_route=\/wp\/v2\/users\/2"}],"replies":[{"embeddable":true,"href":"https:\/\/rad.asvi.at\/index.php?rest_route=%2Fwp%2Fv2%2Fcomments&post=3500"}],"version-history":[{"count":0,"href":"https:\/\/rad.asvi.at\/index.php?rest_route=\/wp\/v2\/posts\/3500\/revisions"}],"wp:featuredmedia":[{"embeddable":true,"href":"https:\/\/rad.asvi.at\/index.php?rest_route=\/"}],"wp:attachment":[{"href":"https:\/\/rad.asvi.at\/index.php?rest_route=%2Fwp%2Fv2%2Fmedia&parent=3500"}],"wp:term":[{"taxonomy":"category","embeddable":true,"href":"https:\/\/rad.asvi.at\/index.php?rest_route=%2Fwp%2Fv2%2Fcategories&post=3500"},{"taxonomy":"post_tag","embeddable":true,"href":"https:\/\/rad.asvi.at\/index.php?rest_route=%2Fwp%2Fv2%2Ftags&post=3500"}],"curies":[{"name":"wp","href":"https:\/\/api.w.org\/{rel}","templated":true}]}}