{"id":3546,"date":"2013-08-13T20:29:02","date_gmt":"2013-08-13T18:29:02","guid":{"rendered":"http:\/\/www.radclub-inzing.at\/?p=3546"},"modified":"2013-08-13T20:29:02","modified_gmt":"2013-08-13T18:29:02","slug":"zweitagesausfahrt-buchenstein-st-ulrich-am-pillersee","status":"publish","type":"post","link":"https:\/\/rad.asvi.at\/?p=3546","title":{"rendered":"Zweitagesausfahrt Buchenstein (St. Ulrich am Pillersee)"},"content":{"rendered":"<p>Vom 03.08. &#8211; 04.8.2013 fuhren 23 begeisterte Radler um\u00a07 Uhr \u00a0nach Buchenstein\u00a0 bei Piller und checkten<br \/>\nim TIWAG-Ferienheim ein. Nach einer Radtour h\u00e4tte man sogar im hauseigenen Schwimmbad bzw.<br \/>\nauf der Terrasse relaxen k\u00f6nnen, aber die erste Tour war ein bisschen l\u00e4nger!<br \/>\nDie zwei Tage waren wundersch\u00f6n und hat allen Teilnehmern sehr gut gefallen. Es wurde geplaudert, gelacht<br \/>\nund \u00fcber den Radsport bzw. \u00fcber die n\u00e4chsten Planungen diskutiert.<br \/>\nAuch m\u00f6chten wir nat\u00fcrlich unseren Martin (H\u00f6fer) danken, dass er es uns diese Ausfahrt erm\u00f6glichte !!!<br \/>\nDanke !!<\/p>\n<p>Unsere Ausfahrten:<br \/>\n1 Tag:<br \/>\nBuchenstein &#8211; Hochfilzen &#8211; Saalfelden &#8211; Rauris &#8211; Dienten am Hochk\u00f6nig &#8211; Filzensattel &#8211; Maria Alm &#8211; Saalfelden &#8211;<br \/>\nLeogang &#8211; Hochfilzen -Buchenstein : 150 KM \/ 1851 HM<\/p>\n<p>2 Tag:<br \/>\nBuchenstein &#8211;\u00a0Waidring &#8211; Lofer &#8211; Vorderkaiser &#8211; Saalfelden &#8211; Hochfilzen &#8211; Buchenstein<br \/>\n78 KM\/ 706 hm<\/p>\n","protected":false},"excerpt":{"rendered":"<p>Vom 03.08. &#8211; 04.8.2013 fuhren 23 begeisterte Radler um\u00a07 Uhr \u00a0nach Buchenstein\u00a0 bei Piller und checkten im TIWAG-Ferienheim ein. Nach einer Radtour h\u00e4tte man sogar im hauseigenen Schwimmbad bzw. auf der Terrasse relaxen k\u00f6nnen, aber die erste Tour war ein bisschen l\u00e4nger! Die zwei Tage waren wundersch\u00f6n und hat allen Teilnehmern sehr gut gefallen. Es&hellip;&nbsp;<a href=\"https:\/\/rad.asvi.at\/?p=3546\" class=\"\" rel=\"bookmark\">Weiterlesen &raquo;<span class=\"screen-reader-text\">Zweitagesausfahrt Buchenstein (St. Ulrich am Pillersee)<\/span><\/a><\/p>\n","protected":false},"author":2,"featured_media":3584,"comment_status":"open","ping_status":"closed","sticky":false,"template":"","format":"standard","meta":{"neve_meta_sidebar":"","neve_meta_container":"","neve_meta_enable_content_width":"","neve_meta_content_width":0,"neve_meta_title_alignment":"","neve_meta_author_avatar":"","neve_post_elements_order":"","neve_meta_disable_header":"","neve_meta_disable_footer":"","neve_meta_disable_title":"","footnotes":""},"categories":[9,10],"tags":[],"class_list":["post-3546","post","type-post","status-publish","format-standard","has-post-thumbnail","hentry","category-allgemein","category-hobbysport"],"featured_image_urls":{"full":"","thumbnail":"","medium":"","medium_large":"","large":"","xl":"","xxl":"","xxxl":"","xxxxl":"","xxxxxl":"","1536x1536":"","2048x2048":"","neve-blog":""},"post_excerpt_stackable":"<p>Vom 03.08. &#8211; 04.8.2013 fuhren 23 begeisterte Radler um\u00a07 Uhr \u00a0nach Buchenstein\u00a0 bei Piller und checkten im TIWAG-Ferienheim ein. Nach einer Radtour h\u00e4tte man sogar im hauseigenen Schwimmbad bzw. auf der Terrasse relaxen k\u00f6nnen, aber die erste Tour war ein bisschen l\u00e4nger! Die zwei Tage waren wundersch\u00f6n und hat allen Teilnehmern sehr gut gefallen. Es wurde geplaudert, gelacht und \u00fcber den Radsport bzw. \u00fcber die n\u00e4chsten Planungen diskutiert. Auch m\u00f6chten wir nat\u00fcrlich unseren Martin (H\u00f6fer) danken, dass er es uns diese Ausfahrt erm\u00f6glichte !!! Danke !! Unsere Ausfahrten: 1 Tag: Buchenstein &#8211; Hochfilzen &#8211; Saalfelden &#8211; Rauris &#8211; Dienten am&hellip;<\/p>\n","category_list":"<a href=\"https:\/\/rad.asvi.at\/?cat=9\" rel=\"category\">Allgemein<\/a>, <a href=\"https:\/\/rad.asvi.at\/?cat=10\" rel=\"category\">Hobbysport<\/a>","author_info":{"name":"Roman","url":"https:\/\/rad.asvi.at\/?author=2"},"comments_num":"0 comments","_links":{"self":[{"href":"https:\/\/rad.asvi.at\/index.php?rest_route=\/wp\/v2\/posts\/3546","targetHints":{"allow":["GET"]}}],"collection":[{"href":"https:\/\/rad.asvi.at\/index.php?rest_route=\/wp\/v2\/posts"}],"about":[{"href":"https:\/\/rad.asvi.at\/index.php?rest_route=\/wp\/v2\/types\/post"}],"author":[{"embeddable":true,"href":"https:\/\/rad.asvi.at\/index.php?rest_route=\/wp\/v2\/users\/2"}],"replies":[{"embeddable":true,"href":"https:\/\/rad.asvi.at\/index.php?rest_route=%2Fwp%2Fv2%2Fcomments&post=3546"}],"version-history":[{"count":0,"href":"https:\/\/rad.asvi.at\/index.php?rest_route=\/wp\/v2\/posts\/3546\/revisions"}],"wp:featuredmedia":[{"embeddable":true,"href":"https:\/\/rad.asvi.at\/index.php?rest_route=\/"}],"wp:attachment":[{"href":"https:\/\/rad.asvi.at\/index.php?rest_route=%2Fwp%2Fv2%2Fmedia&parent=3546"}],"wp:term":[{"taxonomy":"category","embeddable":true,"href":"https:\/\/rad.asvi.at\/index.php?rest_route=%2Fwp%2Fv2%2Fcategories&post=3546"},{"taxonomy":"post_tag","embeddable":true,"href":"https:\/\/rad.asvi.at\/index.php?rest_route=%2Fwp%2Fv2%2Ftags&post=3546"}],"curies":[{"name":"wp","href":"https:\/\/api.w.org\/{rel}","templated":true}]}}