{"id":3625,"date":"2013-08-17T22:35:49","date_gmt":"2013-08-17T20:35:49","guid":{"rendered":"http:\/\/www.radclub-inzing.at\/?p=3625"},"modified":"2013-08-17T22:35:49","modified_gmt":"2013-08-17T20:35:49","slug":"lusens-und-kuthaisattel","status":"publish","type":"post","link":"https:\/\/rad.asvi.at\/?p=3625","title":{"rendered":"L\u00fcsens und K\u00fcthaisattel"},"content":{"rendered":"<p>Heute war ein besonderer Tag !<br \/>\nUnser Sektionsleiter (Roman) und\u00a0unser\u00a0Sektionsleiterstellvertreter (Hannes) waren bei dieser Ausfahrt dabei.<br \/>\nAufgrund Ihres jugendlichen Alters waren Sie nat\u00fcrlich bergw\u00e4rts nicht zu halten,- aber wir schlugen uns nicht schlecht.<br \/>\nAuch freute uns besonders, dass Othmar (Gritsch) nach l\u00e4ngerer Zeit wieder bei einer Ausfahrt dabei war!<br \/>\n&#8211; Es war einfach super Euch wieder bei einer Ausfahrt bei uns zu haben !<\/p>\n<p>Teilnehmer: 13 Personen\u00a0 L\u00fcsens HM 1640,\u00a0 K\u00fcthaisattel HM 2017<\/p>\n","protected":false},"excerpt":{"rendered":"<p>Heute war ein besonderer Tag ! Unser Sektionsleiter (Roman) und\u00a0unser\u00a0Sektionsleiterstellvertreter (Hannes) waren bei dieser Ausfahrt dabei. Aufgrund Ihres jugendlichen Alters waren Sie nat\u00fcrlich bergw\u00e4rts nicht zu halten,- aber wir schlugen uns nicht schlecht. Auch freute uns besonders, dass Othmar (Gritsch) nach l\u00e4ngerer Zeit wieder bei einer Ausfahrt dabei war! &#8211; Es war einfach super Euch&hellip;&nbsp;<a href=\"https:\/\/rad.asvi.at\/?p=3625\" class=\"\" rel=\"bookmark\">Weiterlesen &raquo;<span class=\"screen-reader-text\">L\u00fcsens und K\u00fcthaisattel<\/span><\/a><\/p>\n","protected":false},"author":2,"featured_media":3621,"comment_status":"open","ping_status":"closed","sticky":false,"template":"","format":"standard","meta":{"neve_meta_sidebar":"","neve_meta_container":"","neve_meta_enable_content_width":"","neve_meta_content_width":0,"neve_meta_title_alignment":"","neve_meta_author_avatar":"","neve_post_elements_order":"","neve_meta_disable_header":"","neve_meta_disable_footer":"","neve_meta_disable_title":"","footnotes":""},"categories":[9,10],"tags":[],"class_list":["post-3625","post","type-post","status-publish","format-standard","has-post-thumbnail","hentry","category-allgemein","category-hobbysport"],"featured_image_urls":{"full":"","thumbnail":"","medium":"","medium_large":"","large":"","xl":"","xxl":"","xxxl":"","xxxxl":"","xxxxxl":"","1536x1536":"","2048x2048":"","neve-blog":""},"post_excerpt_stackable":"<p>Heute war ein besonderer Tag ! Unser Sektionsleiter (Roman) und\u00a0unser\u00a0Sektionsleiterstellvertreter (Hannes) waren bei dieser Ausfahrt dabei. Aufgrund Ihres jugendlichen Alters waren Sie nat\u00fcrlich bergw\u00e4rts nicht zu halten,- aber wir schlugen uns nicht schlecht. Auch freute uns besonders, dass Othmar (Gritsch) nach l\u00e4ngerer Zeit wieder bei einer Ausfahrt dabei war! &#8211; Es war einfach super Euch wieder bei einer Ausfahrt bei uns zu haben ! Teilnehmer: 13 Personen\u00a0 L\u00fcsens HM 1640,\u00a0 K\u00fcthaisattel HM 2017<\/p>\n","category_list":"<a href=\"https:\/\/rad.asvi.at\/?cat=9\" rel=\"category\">Allgemein<\/a>, <a href=\"https:\/\/rad.asvi.at\/?cat=10\" rel=\"category\">Hobbysport<\/a>","author_info":{"name":"Roman","url":"https:\/\/rad.asvi.at\/?author=2"},"comments_num":"0 comments","_links":{"self":[{"href":"https:\/\/rad.asvi.at\/index.php?rest_route=\/wp\/v2\/posts\/3625","targetHints":{"allow":["GET"]}}],"collection":[{"href":"https:\/\/rad.asvi.at\/index.php?rest_route=\/wp\/v2\/posts"}],"about":[{"href":"https:\/\/rad.asvi.at\/index.php?rest_route=\/wp\/v2\/types\/post"}],"author":[{"embeddable":true,"href":"https:\/\/rad.asvi.at\/index.php?rest_route=\/wp\/v2\/users\/2"}],"replies":[{"embeddable":true,"href":"https:\/\/rad.asvi.at\/index.php?rest_route=%2Fwp%2Fv2%2Fcomments&post=3625"}],"version-history":[{"count":0,"href":"https:\/\/rad.asvi.at\/index.php?rest_route=\/wp\/v2\/posts\/3625\/revisions"}],"wp:featuredmedia":[{"embeddable":true,"href":"https:\/\/rad.asvi.at\/index.php?rest_route=\/"}],"wp:attachment":[{"href":"https:\/\/rad.asvi.at\/index.php?rest_route=%2Fwp%2Fv2%2Fmedia&parent=3625"}],"wp:term":[{"taxonomy":"category","embeddable":true,"href":"https:\/\/rad.asvi.at\/index.php?rest_route=%2Fwp%2Fv2%2Fcategories&post=3625"},{"taxonomy":"post_tag","embeddable":true,"href":"https:\/\/rad.asvi.at\/index.php?rest_route=%2Fwp%2Fv2%2Ftags&post=3625"}],"curies":[{"name":"wp","href":"https:\/\/api.w.org\/{rel}","templated":true}]}}