{"id":3637,"date":"2013-08-22T10:27:35","date_gmt":"2013-08-22T08:27:35","guid":{"rendered":"http:\/\/www.radclub-inzing.at\/?p=3637"},"modified":"2013-08-22T10:27:35","modified_gmt":"2013-08-22T08:27:35","slug":"fabian-morianz-siegt-bei-der-benefiztour-der-fa-freudenthaler-und-wird-hervorragender-3-bei-der-oberperfer-stiglreith-trophy","status":"publish","type":"post","link":"https:\/\/rad.asvi.at\/?p=3637","title":{"rendered":"Fabian Morianz siegt bei der Benefiztour der Fa Freudenthaler und wird hervorragender 3. bei der Oberperfer Stiglreith-Trophy"},"content":{"rendered":"<p>Die letzten beiden Wochenenden waren f\u00fcr die Inzinger Nachwuchsrennfahrer quasi &#8222;rennfrei&#8220; &#8211; Alexander Wachter n\u00fctzte dies f\u00fcr einen Neuaufbau seiner Form in Blickrichtung WM in einem Monat!<\/p>\n<p>Fabian Morianz &#8211; der ja aufgrund einer Mandel-OP sp\u00e4t in die Saison gestartet war &#8211; passte dies &#8222;Zwangspause&#8220; nicht so recht ins Konzept. Er bestritt deshalb als Trainingsrennen die Freudenthaler Tour de Tyrol &#8211; bei der er schon\u00a0ab der ersten Steigung das Tempo bestimmte und auch im Ziel den ersten Platz einnahm.<\/p>\n<p>Letztes Wochenende zeigte er dann seine Qualit\u00e4ten am Berg &#8211; er wurde Gesamtdritter bei der Oberperfer Stiglreith-Trophy mit der tollen zeit von 21:30 Minuten!<\/p>\n","protected":false},"excerpt":{"rendered":"<p>Die letzten beiden Wochenenden waren f\u00fcr die Inzinger Nachwuchsrennfahrer quasi &#8222;rennfrei&#8220; &#8211; Alexander Wachter n\u00fctzte dies f\u00fcr einen Neuaufbau seiner Form in Blickrichtung WM in einem Monat! Fabian Morianz &#8211; der ja aufgrund einer Mandel-OP sp\u00e4t in die Saison gestartet war &#8211; passte dies &#8222;Zwangspause&#8220; nicht so recht ins Konzept. Er bestritt deshalb als Trainingsrennen&hellip;&nbsp;<a href=\"https:\/\/rad.asvi.at\/?p=3637\" class=\"\" rel=\"bookmark\">Weiterlesen &raquo;<span class=\"screen-reader-text\">Fabian Morianz siegt bei der Benefiztour der Fa Freudenthaler und wird hervorragender 3. bei der Oberperfer Stiglreith-Trophy<\/span><\/a><\/p>\n","protected":false},"author":2,"featured_media":3638,"comment_status":"open","ping_status":"closed","sticky":false,"template":"","format":"standard","meta":{"neve_meta_sidebar":"","neve_meta_container":"","neve_meta_enable_content_width":"","neve_meta_content_width":0,"neve_meta_title_alignment":"","neve_meta_author_avatar":"","neve_post_elements_order":"","neve_meta_disable_header":"","neve_meta_disable_footer":"","neve_meta_disable_title":"","footnotes":""},"categories":[9,11],"tags":[],"class_list":["post-3637","post","type-post","status-publish","format-standard","has-post-thumbnail","hentry","category-allgemein","category-rennsport"],"featured_image_urls":{"full":"","thumbnail":"","medium":"","medium_large":"","large":"","xl":"","xxl":"","xxxl":"","xxxxl":"","xxxxxl":"","1536x1536":"","2048x2048":"","neve-blog":""},"post_excerpt_stackable":"<p>Die letzten beiden Wochenenden waren f\u00fcr die Inzinger Nachwuchsrennfahrer quasi &#8222;rennfrei&#8220; &#8211; Alexander Wachter n\u00fctzte dies f\u00fcr einen Neuaufbau seiner Form in Blickrichtung WM in einem Monat! Fabian Morianz &#8211; der ja aufgrund einer Mandel-OP sp\u00e4t in die Saison gestartet war &#8211; passte dies &#8222;Zwangspause&#8220; nicht so recht ins Konzept. Er bestritt deshalb als Trainingsrennen die Freudenthaler Tour de Tyrol &#8211; bei der er schon\u00a0ab der ersten Steigung das Tempo bestimmte und auch im Ziel den ersten Platz einnahm. Letztes Wochenende zeigte er dann seine Qualit\u00e4ten am Berg &#8211; er wurde Gesamtdritter bei der Oberperfer Stiglreith-Trophy mit der tollen zeit&hellip;<\/p>\n","category_list":"<a href=\"https:\/\/rad.asvi.at\/?cat=9\" rel=\"category\">Allgemein<\/a>, <a href=\"https:\/\/rad.asvi.at\/?cat=11\" rel=\"category\">Rennsport<\/a>","author_info":{"name":"Roman","url":"https:\/\/rad.asvi.at\/?author=2"},"comments_num":"0 comments","_links":{"self":[{"href":"https:\/\/rad.asvi.at\/index.php?rest_route=\/wp\/v2\/posts\/3637","targetHints":{"allow":["GET"]}}],"collection":[{"href":"https:\/\/rad.asvi.at\/index.php?rest_route=\/wp\/v2\/posts"}],"about":[{"href":"https:\/\/rad.asvi.at\/index.php?rest_route=\/wp\/v2\/types\/post"}],"author":[{"embeddable":true,"href":"https:\/\/rad.asvi.at\/index.php?rest_route=\/wp\/v2\/users\/2"}],"replies":[{"embeddable":true,"href":"https:\/\/rad.asvi.at\/index.php?rest_route=%2Fwp%2Fv2%2Fcomments&post=3637"}],"version-history":[{"count":0,"href":"https:\/\/rad.asvi.at\/index.php?rest_route=\/wp\/v2\/posts\/3637\/revisions"}],"wp:featuredmedia":[{"embeddable":true,"href":"https:\/\/rad.asvi.at\/index.php?rest_route=\/"}],"wp:attachment":[{"href":"https:\/\/rad.asvi.at\/index.php?rest_route=%2Fwp%2Fv2%2Fmedia&parent=3637"}],"wp:term":[{"taxonomy":"category","embeddable":true,"href":"https:\/\/rad.asvi.at\/index.php?rest_route=%2Fwp%2Fv2%2Fcategories&post=3637"},{"taxonomy":"post_tag","embeddable":true,"href":"https:\/\/rad.asvi.at\/index.php?rest_route=%2Fwp%2Fv2%2Ftags&post=3637"}],"curies":[{"name":"wp","href":"https:\/\/api.w.org\/{rel}","templated":true}]}}