{"id":3653,"date":"2013-09-04T21:37:54","date_gmt":"2013-09-04T19:37:54","guid":{"rendered":"http:\/\/www.radclub-inzing.at\/?p=3653"},"modified":"2013-09-04T21:37:54","modified_gmt":"2013-09-04T19:37:54","slug":"fabian-morianz-fahrt-auch-in-st-johann-aufs-podest","status":"publish","type":"post","link":"https:\/\/rad.asvi.at\/?p=3653","title":{"rendered":"Fabian Morianz f\u00e4hrt auch in St. Johann auf\u00b4s Podest!"},"content":{"rendered":"<p><a href=\"http:\/\/www.radclub-inzing.at\/?attachment_id=3654\" rel=\"attachment wp-att-3654\"><img loading=\"lazy\" decoding=\"async\" class=\"alignnone size-medium wp-image-3654\" title=\"Fabian\" src=\"http:\/\/www.radclub-inzing.at\/wp-content\/uploads\/2013\/09\/Fabian-300x199.jpg\" alt=\"\" width=\"300\" height=\"199\" \/><\/a><\/p>\n<p>&nbsp;<\/p>\n<p>Letztes Wochenende war im Rahmen der Masters-WM in St.Johann auch ein Strassenrennen f\u00fcr Junioren (World Juniors Cycling Cup). Das Rennen rund um die &#8222;Huber-H\u00f6he&#8220; wurde vor allem von deutschen Fahrern und einem \u00d6sterreicher &#8211; n\u00e4mlich <strong>Fabian Morianz<\/strong> vom \u00d6AMTC RAIKA KLEIDER MAIR ASV INZING dominiert. Fabian wurde hinter 2 deutschen Fahrern &#8211; mit wenigen sec. R\u00fcckstand &#8211; hervorragender <strong>3.<\/strong> Dabei distanzierte er bei \u00fcber 40 km\/h Schnitt die sonst so starken Nationalteamfahrer Brkic (Recheis Scott Latella) und Stock (Tom Tailor W\u00f6rgl) um \u00fcber 3 Minuten!<\/p>\n<p>&nbsp;<\/p>\n","protected":false},"excerpt":{"rendered":"<p>&nbsp; Letztes Wochenende war im Rahmen der Masters-WM in St.Johann auch ein Strassenrennen f\u00fcr Junioren (World Juniors Cycling Cup). Das Rennen rund um die &#8222;Huber-H\u00f6he&#8220; wurde vor allem von deutschen Fahrern und einem \u00d6sterreicher &#8211; n\u00e4mlich Fabian Morianz vom \u00d6AMTC RAIKA KLEIDER MAIR ASV INZING dominiert. Fabian wurde hinter 2 deutschen Fahrern &#8211; mit wenigen&hellip;&nbsp;<a href=\"https:\/\/rad.asvi.at\/?p=3653\" class=\"\" rel=\"bookmark\">Weiterlesen &raquo;<span class=\"screen-reader-text\">Fabian Morianz f\u00e4hrt auch in St. Johann auf\u00b4s Podest!<\/span><\/a><\/p>\n","protected":false},"author":2,"featured_media":3654,"comment_status":"open","ping_status":"closed","sticky":false,"template":"","format":"standard","meta":{"neve_meta_sidebar":"","neve_meta_container":"","neve_meta_enable_content_width":"","neve_meta_content_width":0,"neve_meta_title_alignment":"","neve_meta_author_avatar":"","neve_post_elements_order":"","neve_meta_disable_header":"","neve_meta_disable_footer":"","neve_meta_disable_title":"","footnotes":""},"categories":[9,11],"tags":[],"class_list":["post-3653","post","type-post","status-publish","format-standard","has-post-thumbnail","hentry","category-allgemein","category-rennsport"],"featured_image_urls":{"full":"","thumbnail":"","medium":"","medium_large":"","large":"","xl":"","xxl":"","xxxl":"","xxxxl":"","xxxxxl":"","1536x1536":"","2048x2048":"","neve-blog":""},"post_excerpt_stackable":"<p>&nbsp; Letztes Wochenende war im Rahmen der Masters-WM in St.Johann auch ein Strassenrennen f\u00fcr Junioren (World Juniors Cycling Cup). Das Rennen rund um die &#8222;Huber-H\u00f6he&#8220; wurde vor allem von deutschen Fahrern und einem \u00d6sterreicher &#8211; n\u00e4mlich Fabian Morianz vom \u00d6AMTC RAIKA KLEIDER MAIR ASV INZING dominiert. Fabian wurde hinter 2 deutschen Fahrern &#8211; mit wenigen sec. R\u00fcckstand &#8211; hervorragender 3. Dabei distanzierte er bei \u00fcber 40 km\/h Schnitt die sonst so starken Nationalteamfahrer Brkic (Recheis Scott Latella) und Stock (Tom Tailor W\u00f6rgl) um \u00fcber 3 Minuten! &nbsp;<\/p>\n","category_list":"<a href=\"https:\/\/rad.asvi.at\/?cat=9\" rel=\"category\">Allgemein<\/a>, <a href=\"https:\/\/rad.asvi.at\/?cat=11\" rel=\"category\">Rennsport<\/a>","author_info":{"name":"Roman","url":"https:\/\/rad.asvi.at\/?author=2"},"comments_num":"0 comments","_links":{"self":[{"href":"https:\/\/rad.asvi.at\/index.php?rest_route=\/wp\/v2\/posts\/3653","targetHints":{"allow":["GET"]}}],"collection":[{"href":"https:\/\/rad.asvi.at\/index.php?rest_route=\/wp\/v2\/posts"}],"about":[{"href":"https:\/\/rad.asvi.at\/index.php?rest_route=\/wp\/v2\/types\/post"}],"author":[{"embeddable":true,"href":"https:\/\/rad.asvi.at\/index.php?rest_route=\/wp\/v2\/users\/2"}],"replies":[{"embeddable":true,"href":"https:\/\/rad.asvi.at\/index.php?rest_route=%2Fwp%2Fv2%2Fcomments&post=3653"}],"version-history":[{"count":0,"href":"https:\/\/rad.asvi.at\/index.php?rest_route=\/wp\/v2\/posts\/3653\/revisions"}],"wp:featuredmedia":[{"embeddable":true,"href":"https:\/\/rad.asvi.at\/index.php?rest_route=\/"}],"wp:attachment":[{"href":"https:\/\/rad.asvi.at\/index.php?rest_route=%2Fwp%2Fv2%2Fmedia&parent=3653"}],"wp:term":[{"taxonomy":"category","embeddable":true,"href":"https:\/\/rad.asvi.at\/index.php?rest_route=%2Fwp%2Fv2%2Fcategories&post=3653"},{"taxonomy":"post_tag","embeddable":true,"href":"https:\/\/rad.asvi.at\/index.php?rest_route=%2Fwp%2Fv2%2Ftags&post=3653"}],"curies":[{"name":"wp","href":"https:\/\/api.w.org\/{rel}","templated":true}]}}