{"id":3683,"date":"2013-09-15T22:53:41","date_gmt":"2013-09-15T20:53:41","guid":{"rendered":"http:\/\/www.radclub-inzing.at\/?p=3683"},"modified":"2013-09-15T22:53:41","modified_gmt":"2013-09-15T20:53:41","slug":"om-berg-und-kriterium-2013-14-15-09","status":"publish","type":"post","link":"https:\/\/rad.asvi.at\/?p=3683","title":{"rendered":"\u00d6M-Berg und Kriterium 2013 &#8211; 14.\/15. 09."},"content":{"rendered":"<p>An diesem Wochenende fand in Tirol das gro\u00dfe Finale des \u00d6sterreichischen Radsports in den Nachwuchskategorien statt. Am Samstag ging es bei der \u00d6M-Berg vom B\u00e4cker Ruetz in Kematen, ins Sellraintal &#8211; hinauf auf 1700m nach Praxmar! Am Sonntag fand in Huben im \u00d6tztal auf einem 1,3 km langen Rundkurs die \u00d6M Kriterium statt. Bei beiden Veranstaltungen optimales Radlerwetter und tolle Leistungen der Athleten.<\/p>\n<p>Beim <strong>Berg<\/strong>rennen am Sa wurde durch den sp\u00e4teren Sieger Mario Stock (Tom Tailer W\u00f6rgl) schon fr\u00fch die entscheidende Attacke gefahren (beim Anstieg nach Sellrain) \u2013 sodass dieser bereits mit einem Vorsprung von mehr als 45 sec. zum entscheidenden Schlussanstieg nach Gries kam.\u00a0 Ab Juifenau riss das Verfolgerfeld total auseinander \u2013 auch <strong>Fabian Morianz<\/strong> (\u00d6AMTC RAIKA KLEIDER MAIR ASV INZING) fiel etwas zur\u00fcck und es konnten sich 4-5 Fahrer etwas absetzen. <strong>Alexander Wachter<\/strong> (ebenf.\u00a0 \u00d6AMTC RAIKA KLEIDER MAIR ASV INZING) war\u00a0mit von der Partie! Ca. 4km vor dem Ziel attackierte Benjamin Brkic (Recheis Scott Latella) \u2013 und keiner konnte dem Tempo folgen! Die ersten beiden Pl\u00e4tze schienen also bereits vergeben \u2013 es stellte sich nur mehr die Frage: wird Brkic den F\u00fchrenden Stock noch einholen k\u00f6nnen? Und bei den Verfolgern: Wer macht das Rennen um Platz 3? Bis zu den Kehren ca. 1,5 km vor dem Ziel konnte <strong>Alexander Wachter<\/strong> mit einer Medaille spekulieren \u2013 dann verlie\u00dfen ihn aber leider die Kr\u00e4fte und er musste rei\u00dfen lassen. Er fuhr schlie\u00dflich als <strong>5.<\/strong> \u00fcber die Ziellinie &#8211; vor seinem Teamkollegen <strong>Fabian Morianz<\/strong> (<strong>6.<\/strong>) \u2013 der noch ein starkes Finish hatte.<\/p>\n<p>Am Sonntag beim <strong>Kriterium<\/strong> wollte Alexander Wachter nat\u00fcrlich nichts anbrennen lassen und war sich seiner Favoritenrolle voll bewusst. Bei seinem 4. Antreten in Huben wollte er unbedingt seinen 4. Sieg! Noch dazu fuhr er das letzte Rennen im Trikot seines langj\u00e4hrigen Nachwuchsrennstalls \u00d6AMTC RAIKA KLEIDER MAIR ASV INZING! Da schwang schon ein wenig \u201eWehmut\u201c mit \u2013 nach so vielen Jahren und den vielen tollen Erfolgen!<\/p>\n<p>24 Runden und 12 Wertungen kamen zur Austragung \u2013 also jede 2. Runde Punktewertung! Das ist sehr viel \u2013 und da muss man sich seine Kr\u00e4fte schon gut einteilen! Bereits nach den ersten beiden Wertungen lag Alexander klar in F\u00fchrung \u2013 dann hatte er allerdings einen Durchh\u00e4nger \u2013 kam erst ab der 6. Wertung wieder besser in Fahrt und lag ab der 9. Wertung -allerdings exaequo mit Mastaller (Radleistungsmodell Wien)- in F\u00fchrung.\u00a0 Bei der vorletzten Wertung dann lag Mastaller 2 Punkte vor Wachter und Schlemmer.\u00a0 Also musste die allerletzte Wertung \u00fcber Gold, Silber oder Bronze entscheiden. Mastaller war nur mehr zu schlagen, wenn einer der beiden Anderen den letzten Sprint gewinnt. Das gelang aber beiden nicht \u2013 <strong>Alexander<\/strong> wurde <strong>2.<\/strong>, Mastaller gen\u00fcgte ein 3.Platz um sich Gold zu sichern!<\/p>\n<p>Die beiden Rennen waren auch das Finale des <strong>\u00d6sterreichischen Nachwuchs-Cups<\/strong>. Der <strong>Sieg<\/strong>er in der Gesamtwertung bei den Junioren stand mit <strong>Alexander Wachter<\/strong> allerdings bereits davor fest!<\/p>\n<p>Alexander\u00a0 &#8211; wir freuen uns auch \u00fcber die Silbermedaille bei der \u00d6M-Kriterium\u00a0 als w\u00e4re sie aus Gold! Bei deinem letzten Rennen mit unserem (gelben!) Trikot sind wir einfach nur stolz! Stolz auf die vielen Erfolge, die wir mit dir feiern durften, stolz, dass du bei uns in die \u201eLehre\u201c gegangen und ein gro\u00dfer \u201eMeister\u201c deines Faches geworden bist! Wir w\u00fcnschen dir bei deinem letzten gro\u00dfen Juniorenrennen, der WM in Florenz alles Gute und dr\u00fccken dir fest die Daumen!!<\/p>\n","protected":false},"excerpt":{"rendered":"<p>An diesem Wochenende fand in Tirol das gro\u00dfe Finale des \u00d6sterreichischen Radsports in den Nachwuchskategorien statt. Am Samstag ging es bei der \u00d6M-Berg vom B\u00e4cker Ruetz in Kematen, ins Sellraintal &#8211; hinauf auf 1700m nach Praxmar! Am Sonntag fand in Huben im \u00d6tztal auf einem 1,3 km langen Rundkurs die \u00d6M Kriterium statt. Bei beiden&hellip;&nbsp;<a href=\"https:\/\/rad.asvi.at\/?p=3683\" class=\"\" rel=\"bookmark\">Weiterlesen &raquo;<span class=\"screen-reader-text\">\u00d6M-Berg und Kriterium 2013 &#8211; 14.\/15. 09.<\/span><\/a><\/p>\n","protected":false},"author":2,"featured_media":3684,"comment_status":"open","ping_status":"closed","sticky":false,"template":"","format":"standard","meta":{"neve_meta_sidebar":"","neve_meta_container":"","neve_meta_enable_content_width":"","neve_meta_content_width":0,"neve_meta_title_alignment":"","neve_meta_author_avatar":"","neve_post_elements_order":"","neve_meta_disable_header":"","neve_meta_disable_footer":"","neve_meta_disable_title":"","footnotes":""},"categories":[9,11],"tags":[],"class_list":["post-3683","post","type-post","status-publish","format-standard","has-post-thumbnail","hentry","category-allgemein","category-rennsport"],"featured_image_urls":{"full":"","thumbnail":"","medium":"","medium_large":"","large":"","xl":"","xxl":"","xxxl":"","xxxxl":"","xxxxxl":"","1536x1536":"","2048x2048":"","neve-blog":""},"post_excerpt_stackable":"<p>An diesem Wochenende fand in Tirol das gro\u00dfe Finale des \u00d6sterreichischen Radsports in den Nachwuchskategorien statt. Am Samstag ging es bei der \u00d6M-Berg vom B\u00e4cker Ruetz in Kematen, ins Sellraintal &#8211; hinauf auf 1700m nach Praxmar! Am Sonntag fand in Huben im \u00d6tztal auf einem 1,3 km langen Rundkurs die \u00d6M Kriterium statt. Bei beiden Veranstaltungen optimales Radlerwetter und tolle Leistungen der Athleten. Beim Bergrennen am Sa wurde durch den sp\u00e4teren Sieger Mario Stock (Tom Tailer W\u00f6rgl) schon fr\u00fch die entscheidende Attacke gefahren (beim Anstieg nach Sellrain) \u2013 sodass dieser bereits mit einem Vorsprung von mehr als 45 sec. zum&hellip;<\/p>\n","category_list":"<a href=\"https:\/\/rad.asvi.at\/?cat=9\" rel=\"category\">Allgemein<\/a>, <a href=\"https:\/\/rad.asvi.at\/?cat=11\" rel=\"category\">Rennsport<\/a>","author_info":{"name":"Roman","url":"https:\/\/rad.asvi.at\/?author=2"},"comments_num":"0 comments","_links":{"self":[{"href":"https:\/\/rad.asvi.at\/index.php?rest_route=\/wp\/v2\/posts\/3683","targetHints":{"allow":["GET"]}}],"collection":[{"href":"https:\/\/rad.asvi.at\/index.php?rest_route=\/wp\/v2\/posts"}],"about":[{"href":"https:\/\/rad.asvi.at\/index.php?rest_route=\/wp\/v2\/types\/post"}],"author":[{"embeddable":true,"href":"https:\/\/rad.asvi.at\/index.php?rest_route=\/wp\/v2\/users\/2"}],"replies":[{"embeddable":true,"href":"https:\/\/rad.asvi.at\/index.php?rest_route=%2Fwp%2Fv2%2Fcomments&post=3683"}],"version-history":[{"count":0,"href":"https:\/\/rad.asvi.at\/index.php?rest_route=\/wp\/v2\/posts\/3683\/revisions"}],"wp:featuredmedia":[{"embeddable":true,"href":"https:\/\/rad.asvi.at\/index.php?rest_route=\/"}],"wp:attachment":[{"href":"https:\/\/rad.asvi.at\/index.php?rest_route=%2Fwp%2Fv2%2Fmedia&parent=3683"}],"wp:term":[{"taxonomy":"category","embeddable":true,"href":"https:\/\/rad.asvi.at\/index.php?rest_route=%2Fwp%2Fv2%2Fcategories&post=3683"},{"taxonomy":"post_tag","embeddable":true,"href":"https:\/\/rad.asvi.at\/index.php?rest_route=%2Fwp%2Fv2%2Ftags&post=3683"}],"curies":[{"name":"wp","href":"https:\/\/api.w.org\/{rel}","templated":true}]}}