{"id":3699,"date":"2013-09-22T19:47:35","date_gmt":"2013-09-22T17:47:35","guid":{"rendered":"http:\/\/www.radclub-inzing.at\/?p=3699"},"modified":"2013-09-22T19:47:35","modified_gmt":"2013-09-22T17:47:35","slug":"die-27-vereinsmeisterschaft-rad-ist-geschichte","status":"publish","type":"post","link":"https:\/\/rad.asvi.at\/?p=3699","title":{"rendered":"Die 27. Vereinsmeisterschaft Rad ist Geschichte"},"content":{"rendered":"<p>Immerhin 27 Teilnehmer nahmen heute bei traumhaften \u00e4u\u00dferen Bedingungen die Vereinsmeisterschaft in Angriff. Bei der 27. Auflage (!) kam eine der traditionellen Strecken &#8211; n\u00e4mlich Inzing-Unterperfu\u00df-Inzing &#8211; zur Austragung. Ein klassisches Zeitfahren also \u00fcber knapp 10\u00a0relativ flache Kilometer. Hervorragend v.a. die Zeiten der Rennfahrer &#8211; so wurde der alte Streckenrekord von Florian Draxl von <em><strong>Hannes Kapeller<\/strong> &#8222;vermeintlich&#8220; <\/em>pulverisiert &#8211; bei der Siegerehrung auch als neuer Streckenrekord gefeiert &#8211; tats\u00e4chlich fehlten dem Hannes mit seiner Zeit von 12:33 min\u00a0aber doch noch 6 Sekunden auf den 2011 aufgestellten &#8222;alten&#8220; Streckenrekord von &#8222;Flopi&#8220;!\u00a0&#8211; das sind aber auch \u00fcber 48 km\/h Schnittgeschwindigkeit! Auch bei den Junioren eine Fabelzeit von <em><strong>Fabian Morianz<\/strong> <\/em>der mit 12:59 als einer der ganz Wenigen in der 27.-j\u00e4hrigen Vereinsgeschichte unter der 13-Minutenmarke blieb!<\/p>\n<p>Diesj\u00e4hrige Vereinsmeisterin wurde einmal mehr<em><strong> Barbara &#8222;B\u00e4rbl&#8220; Juen<\/strong> <\/em>mit 17:51; Vereinmeister <em><strong>Hannes Kapeller<\/strong><\/em>!<\/p>\n<p><a href=\"http:\/\/www.radclub-inzing.at\/?attachment_id=3700\" rel=\"attachment wp-att-3700\">Ergebnisliste VM-13<\/a><\/p>\n","protected":false},"excerpt":{"rendered":"<p>Immerhin 27 Teilnehmer nahmen heute bei traumhaften \u00e4u\u00dferen Bedingungen die Vereinsmeisterschaft in Angriff. Bei der 27. Auflage (!) kam eine der traditionellen Strecken &#8211; n\u00e4mlich Inzing-Unterperfu\u00df-Inzing &#8211; zur Austragung. Ein klassisches Zeitfahren also \u00fcber knapp 10\u00a0relativ flache Kilometer. Hervorragend v.a. die Zeiten der Rennfahrer &#8211; so wurde der alte Streckenrekord von Florian Draxl von Hannes&hellip;&nbsp;<a href=\"https:\/\/rad.asvi.at\/?p=3699\" class=\"\" rel=\"bookmark\">Weiterlesen &raquo;<span class=\"screen-reader-text\">Die 27. Vereinsmeisterschaft Rad ist Geschichte<\/span><\/a><\/p>\n","protected":false},"author":2,"featured_media":3739,"comment_status":"open","ping_status":"closed","sticky":false,"template":"","format":"standard","meta":{"neve_meta_sidebar":"","neve_meta_container":"","neve_meta_enable_content_width":"","neve_meta_content_width":0,"neve_meta_title_alignment":"","neve_meta_author_avatar":"","neve_post_elements_order":"","neve_meta_disable_header":"","neve_meta_disable_footer":"","neve_meta_disable_title":"","footnotes":""},"categories":[9,12,10,11],"tags":[],"class_list":["post-3699","post","type-post","status-publish","format-standard","has-post-thumbnail","hentry","category-allgemein","category-ergebnislisten","category-hobbysport","category-rennsport"],"featured_image_urls":{"full":"","thumbnail":"","medium":"","medium_large":"","large":"","xl":"","xxl":"","xxxl":"","xxxxl":"","xxxxxl":"","1536x1536":"","2048x2048":"","neve-blog":""},"post_excerpt_stackable":"<p>Immerhin 27 Teilnehmer nahmen heute bei traumhaften \u00e4u\u00dferen Bedingungen die Vereinsmeisterschaft in Angriff. Bei der 27. Auflage (!) kam eine der traditionellen Strecken &#8211; n\u00e4mlich Inzing-Unterperfu\u00df-Inzing &#8211; zur Austragung. Ein klassisches Zeitfahren also \u00fcber knapp 10\u00a0relativ flache Kilometer. Hervorragend v.a. die Zeiten der Rennfahrer &#8211; so wurde der alte Streckenrekord von Florian Draxl von Hannes Kapeller &#8222;vermeintlich&#8220; pulverisiert &#8211; bei der Siegerehrung auch als neuer Streckenrekord gefeiert &#8211; tats\u00e4chlich fehlten dem Hannes mit seiner Zeit von 12:33 min\u00a0aber doch noch 6 Sekunden auf den 2011 aufgestellten &#8222;alten&#8220; Streckenrekord von &#8222;Flopi&#8220;!\u00a0&#8211; das sind aber auch \u00fcber 48 km\/h Schnittgeschwindigkeit! Auch bei&hellip;<\/p>\n","category_list":"<a href=\"https:\/\/rad.asvi.at\/?cat=9\" rel=\"category\">Allgemein<\/a>, <a href=\"https:\/\/rad.asvi.at\/?cat=12\" rel=\"category\">Ergebnislisten<\/a>, <a href=\"https:\/\/rad.asvi.at\/?cat=10\" rel=\"category\">Hobbysport<\/a>, <a href=\"https:\/\/rad.asvi.at\/?cat=11\" rel=\"category\">Rennsport<\/a>","author_info":{"name":"Roman","url":"https:\/\/rad.asvi.at\/?author=2"},"comments_num":"0 comments","_links":{"self":[{"href":"https:\/\/rad.asvi.at\/index.php?rest_route=\/wp\/v2\/posts\/3699","targetHints":{"allow":["GET"]}}],"collection":[{"href":"https:\/\/rad.asvi.at\/index.php?rest_route=\/wp\/v2\/posts"}],"about":[{"href":"https:\/\/rad.asvi.at\/index.php?rest_route=\/wp\/v2\/types\/post"}],"author":[{"embeddable":true,"href":"https:\/\/rad.asvi.at\/index.php?rest_route=\/wp\/v2\/users\/2"}],"replies":[{"embeddable":true,"href":"https:\/\/rad.asvi.at\/index.php?rest_route=%2Fwp%2Fv2%2Fcomments&post=3699"}],"version-history":[{"count":0,"href":"https:\/\/rad.asvi.at\/index.php?rest_route=\/wp\/v2\/posts\/3699\/revisions"}],"wp:featuredmedia":[{"embeddable":true,"href":"https:\/\/rad.asvi.at\/index.php?rest_route=\/"}],"wp:attachment":[{"href":"https:\/\/rad.asvi.at\/index.php?rest_route=%2Fwp%2Fv2%2Fmedia&parent=3699"}],"wp:term":[{"taxonomy":"category","embeddable":true,"href":"https:\/\/rad.asvi.at\/index.php?rest_route=%2Fwp%2Fv2%2Fcategories&post=3699"},{"taxonomy":"post_tag","embeddable":true,"href":"https:\/\/rad.asvi.at\/index.php?rest_route=%2Fwp%2Fv2%2Ftags&post=3699"}],"curies":[{"name":"wp","href":"https:\/\/api.w.org\/{rel}","templated":true}]}}