{"id":3810,"date":"2013-10-01T01:24:48","date_gmt":"2013-09-30T23:24:48","guid":{"rendered":"http:\/\/www.radclub-inzing.at\/?p=3810"},"modified":"2013-10-01T01:24:48","modified_gmt":"2013-09-30T23:24:48","slug":"rad-wm-2013-letztes-juniorenrennen-fur-alexander-wachter","status":"publish","type":"post","link":"https:\/\/rad.asvi.at\/?p=3810","title":{"rendered":"Rad-WM 2013 &#8211; Letztes Juniorenrennen f\u00fcr Alexander Wachter"},"content":{"rendered":"<div><a id=\"set-post-thumbnail\" title=\"Artikelbild festlegen\" href=\"http:\/\/www.radclub-inzing.at\/wp-admin\/media-upload.php?post_id=3810&amp;type=image&amp;TB_iframe=1&amp;width=640&amp;height=662\"><img loading=\"lazy\" decoding=\"async\" title=\"Alex-Lux.-13\" src=\"http:\/\/www.radclub-inzing.at\/wp-content\/uploads\/2013\/10\/Alex-Lux.-13-266x266.jpg\" alt=\"Alex-Lux.-13\" width=\"266\" height=\"266\" \/><\/a><\/div>\n<div>\u00a0<\/div>\n<div>\u00a0<\/div>\n<div>Leider nicht nach Wunsch verlief die Junioren-Weltmeisterschaft (Toscana\/Florenz) f\u00fcr unseren Europameister Alexander Wachter. Der extrem schwere Kurs (140 km mit knapp 2000 Hm) &#8211; \u00fcbrigens der selbe Rundkurs wie bei den Profis &#8211; verlangte den Teilnehmern alles ab! Am Samstag bei den Junioren herrschte zwar noch Kaiserwetter (26 Grad) &#8211; aber die steilen Rampen und die Streckenl\u00e4nge forderten ihren Tribut. Bei den ersten beiden Runden war Alexander zwar noch ganz vorne \u00fcber diese Schl\u00fcsselstellen gekommen &#8211; in der dritten von 5 Runden konnte er das hohe Tempo der Spitze aber leider nicht mehr mitgehen und musste sogar in der vorletzten Runde von Kr\u00e4mpfen geplagt, vorzeitig vom Rad. Da konnte er einem wirklich leid tun &#8211; denn er hatte sich so viel f\u00fcr diese WM vorgenommen! Die Entt\u00e4uschung\u00a0 nach dem Rennen war nat\u00fcrlich\u00a0gro\u00df &#8211; nicht einmal der gro\u00dfe Fanclub\u00a0 (\u00fcber 20 Freunde aus Familie und Verein waren nach Florenz gereist um ihren Shootig-Star anzufeuern) konnten daran was \u00e4ndern!<\/div>\n<div>F\u00fcr Alexander sprang daf\u00fcr ein weiterer Tiroler in die &#8222;Presche&#8220; &#8211; n\u00e4mlich Benjamin Brkic aus Neustift! Der exzelente Kletterer schaffte auf dem selektiven Kurs den 10. Rang! Bravo! Bennis Familie war \u00fcbrigens ebenfalls bei unserem &#8222;Fanclub&#8220; mit dabei! Am Abend kam dann die gesamte Nationalmannschaft zu einem gemeinsamen Essen+Umtrunk zu uns nach Montecatini Terme. Angeblich wurde von so Manchem bis sp\u00e4t in die Nacht hinein gefeiert! Psssst! Wir sagen\u00b4s nicht weiter!<\/div>\n<div>F\u00fcr Alexander geht die Welt\u00a0wegen der verlorenen WM\u00a0nicht unter &#8211; er ist ein f\u00fcr einen Junioren \u00e4u\u00dferst gefestigter Rennfahrer &#8211; der mit Sieg und Niederlage gleicherma\u00dfen umzugehen gelernt hat. \u00a0Er wird auch aus diesem Rennen seine Lehren ziehen und es als Motivation sehen, weiterhin sehr hart\u00a0an sich zu arbeiten! \u00a0<\/div>\n<div>Alexander wir danken dir, dass wir 6 Jahre\u00a0mit dir arbeiten durften. Wir haben die sch\u00f6nsten Erfolge mit dir feiern d\u00fcrfen und das waren mehr als genug! Wir w\u00fcnschen dir jetzt beim &#8222;Paras&#8220; (HSNS) und f\u00fcr deine weitere Radsportlaufbahn alles Gute !! Schau ab und zu vorbei!!!!<\/div>\n","protected":false},"excerpt":{"rendered":"<p>\u00a0 \u00a0 Leider nicht nach Wunsch verlief die Junioren-Weltmeisterschaft (Toscana\/Florenz) f\u00fcr unseren Europameister Alexander Wachter. Der extrem schwere Kurs (140 km mit knapp 2000 Hm) &#8211; \u00fcbrigens der selbe Rundkurs wie bei den Profis &#8211; verlangte den Teilnehmern alles ab! Am Samstag bei den Junioren herrschte zwar noch Kaiserwetter (26 Grad) &#8211; aber die steilen&hellip;&nbsp;<a href=\"https:\/\/rad.asvi.at\/?p=3810\" class=\"\" rel=\"bookmark\">Weiterlesen &raquo;<span class=\"screen-reader-text\">Rad-WM 2013 &#8211; Letztes Juniorenrennen f\u00fcr Alexander Wachter<\/span><\/a><\/p>\n","protected":false},"author":2,"featured_media":3812,"comment_status":"open","ping_status":"closed","sticky":false,"template":"","format":"standard","meta":{"neve_meta_sidebar":"","neve_meta_container":"","neve_meta_enable_content_width":"","neve_meta_content_width":0,"neve_meta_title_alignment":"","neve_meta_author_avatar":"","neve_post_elements_order":"","neve_meta_disable_header":"","neve_meta_disable_footer":"","neve_meta_disable_title":"","footnotes":""},"categories":[9,11],"tags":[],"class_list":["post-3810","post","type-post","status-publish","format-standard","has-post-thumbnail","hentry","category-allgemein","category-rennsport"],"featured_image_urls":{"full":"","thumbnail":"","medium":"","medium_large":"","large":"","xl":"","xxl":"","xxxl":"","xxxxl":"","xxxxxl":"","1536x1536":"","2048x2048":"","neve-blog":""},"post_excerpt_stackable":"<p>\u00a0 \u00a0 Leider nicht nach Wunsch verlief die Junioren-Weltmeisterschaft (Toscana\/Florenz) f\u00fcr unseren Europameister Alexander Wachter. Der extrem schwere Kurs (140 km mit knapp 2000 Hm) &#8211; \u00fcbrigens der selbe Rundkurs wie bei den Profis &#8211; verlangte den Teilnehmern alles ab! Am Samstag bei den Junioren herrschte zwar noch Kaiserwetter (26 Grad) &#8211; aber die steilen Rampen und die Streckenl\u00e4nge forderten ihren Tribut. Bei den ersten beiden Runden war Alexander zwar noch ganz vorne \u00fcber diese Schl\u00fcsselstellen gekommen &#8211; in der dritten von 5 Runden konnte er das hohe Tempo der Spitze aber leider nicht mehr mitgehen und musste sogar in&hellip;<\/p>\n","category_list":"<a href=\"https:\/\/rad.asvi.at\/?cat=9\" rel=\"category\">Allgemein<\/a>, <a href=\"https:\/\/rad.asvi.at\/?cat=11\" rel=\"category\">Rennsport<\/a>","author_info":{"name":"Roman","url":"https:\/\/rad.asvi.at\/?author=2"},"comments_num":"0 comments","_links":{"self":[{"href":"https:\/\/rad.asvi.at\/index.php?rest_route=\/wp\/v2\/posts\/3810","targetHints":{"allow":["GET"]}}],"collection":[{"href":"https:\/\/rad.asvi.at\/index.php?rest_route=\/wp\/v2\/posts"}],"about":[{"href":"https:\/\/rad.asvi.at\/index.php?rest_route=\/wp\/v2\/types\/post"}],"author":[{"embeddable":true,"href":"https:\/\/rad.asvi.at\/index.php?rest_route=\/wp\/v2\/users\/2"}],"replies":[{"embeddable":true,"href":"https:\/\/rad.asvi.at\/index.php?rest_route=%2Fwp%2Fv2%2Fcomments&post=3810"}],"version-history":[{"count":0,"href":"https:\/\/rad.asvi.at\/index.php?rest_route=\/wp\/v2\/posts\/3810\/revisions"}],"wp:featuredmedia":[{"embeddable":true,"href":"https:\/\/rad.asvi.at\/index.php?rest_route=\/"}],"wp:attachment":[{"href":"https:\/\/rad.asvi.at\/index.php?rest_route=%2Fwp%2Fv2%2Fmedia&parent=3810"}],"wp:term":[{"taxonomy":"category","embeddable":true,"href":"https:\/\/rad.asvi.at\/index.php?rest_route=%2Fwp%2Fv2%2Fcategories&post=3810"},{"taxonomy":"post_tag","embeddable":true,"href":"https:\/\/rad.asvi.at\/index.php?rest_route=%2Fwp%2Fv2%2Ftags&post=3810"}],"curies":[{"name":"wp","href":"https:\/\/api.w.org\/{rel}","templated":true}]}}