{"id":3818,"date":"2013-10-17T22:17:54","date_gmt":"2013-10-17T20:17:54","guid":{"rendered":"http:\/\/www.radclub-inzing.at\/?p=3818"},"modified":"2013-10-17T22:17:54","modified_gmt":"2013-10-17T20:17:54","slug":"mtb-cup-preisverteilung-in-weer13-10-2013","status":"publish","type":"post","link":"https:\/\/rad.asvi.at\/?p=3818","title":{"rendered":"MTB-Cup Preisverteilung in Weer\/13.10.2013"},"content":{"rendered":"<p><a href=\"http:\/\/www.radclub-inzing.at\/?attachment_id=3819\" rel=\"attachment wp-att-3819\"><img loading=\"lazy\" decoding=\"async\" class=\"alignnone size-medium wp-image-3819\" title=\"griesser-13.jpg-1\" src=\"http:\/\/www.radclub-inzing.at\/wp-content\/uploads\/2013\/10\/griesser-13.jpg-1-300x225.jpg\" alt=\"\" width=\"300\" height=\"225\" \/><\/a>\u00a0 <a href=\"http:\/\/www.radclub-inzing.at\/?attachment_id=3820\" rel=\"attachment wp-att-3820\"><img loading=\"lazy\" decoding=\"async\" class=\"alignnone size-medium wp-image-3820\" title=\"griesser-13\" src=\"http:\/\/www.radclub-inzing.at\/wp-content\/uploads\/2013\/10\/griesser-13-300x225.jpg\" alt=\"\" width=\"300\" height=\"225\" \/><\/a><\/p>\n<p>&nbsp;<\/p>\n<p>Letztes Wochenende fand die Siegerehrung des diesj\u00e4hrigen MTB-Cup (Gesamtwertung)\u00a0 in Weer statt. Alle Rennfahrer die mindesten an 6 Rennen teilnahmen wurden mit einer tollen Siegerehrung belohnt. DerLRV-Pr\u00e4sidenten Harry Baumann\u00a0und seine Vizepr\u00e4sidentin Birgit Woisetschl\u00e4ger\u00a0h\u00f6chst pers\u00f6nlich \u00fcberreichten die Preise!<\/p>\n<p><strong>Ramona<\/strong> wurde mit 443 Punkten ausgezeichnete <strong>4.<\/strong>!<\/p>\n<p><strong>Lukas<\/strong> kam mit 418 Punkten auf\u00a0Platz <strong>7<\/strong>\u00a0( alle Rennen gefahren!) &#8211; nur 3 Punkte fehlten ihm auf den 6. Platz!<\/p>\n<p>Herzliche Gratulation unseren j\u00fcngsten Rennfahrern!!!!<\/p>\n","protected":false},"excerpt":{"rendered":"<p>\u00a0 &nbsp; Letztes Wochenende fand die Siegerehrung des diesj\u00e4hrigen MTB-Cup (Gesamtwertung)\u00a0 in Weer statt. Alle Rennfahrer die mindesten an 6 Rennen teilnahmen wurden mit einer tollen Siegerehrung belohnt. DerLRV-Pr\u00e4sidenten Harry Baumann\u00a0und seine Vizepr\u00e4sidentin Birgit Woisetschl\u00e4ger\u00a0h\u00f6chst pers\u00f6nlich \u00fcberreichten die Preise! Ramona wurde mit 443 Punkten ausgezeichnete 4.! Lukas kam mit 418 Punkten auf\u00a0Platz 7\u00a0( alle Rennen&hellip;&nbsp;<a href=\"https:\/\/rad.asvi.at\/?p=3818\" class=\"\" rel=\"bookmark\">Weiterlesen &raquo;<span class=\"screen-reader-text\">MTB-Cup Preisverteilung in Weer\/13.10.2013<\/span><\/a><\/p>\n","protected":false},"author":2,"featured_media":3820,"comment_status":"open","ping_status":"closed","sticky":false,"template":"","format":"standard","meta":{"neve_meta_sidebar":"","neve_meta_container":"","neve_meta_enable_content_width":"","neve_meta_content_width":0,"neve_meta_title_alignment":"","neve_meta_author_avatar":"","neve_post_elements_order":"","neve_meta_disable_header":"","neve_meta_disable_footer":"","neve_meta_disable_title":"","footnotes":""},"categories":[9,11],"tags":[],"class_list":["post-3818","post","type-post","status-publish","format-standard","has-post-thumbnail","hentry","category-allgemein","category-rennsport"],"featured_image_urls":{"full":"","thumbnail":"","medium":"","medium_large":"","large":"","xl":"","xxl":"","xxxl":"","xxxxl":"","xxxxxl":"","1536x1536":"","2048x2048":"","neve-blog":""},"post_excerpt_stackable":"<p>\u00a0 &nbsp; Letztes Wochenende fand die Siegerehrung des diesj\u00e4hrigen MTB-Cup (Gesamtwertung)\u00a0 in Weer statt. Alle Rennfahrer die mindesten an 6 Rennen teilnahmen wurden mit einer tollen Siegerehrung belohnt. DerLRV-Pr\u00e4sidenten Harry Baumann\u00a0und seine Vizepr\u00e4sidentin Birgit Woisetschl\u00e4ger\u00a0h\u00f6chst pers\u00f6nlich \u00fcberreichten die Preise! Ramona wurde mit 443 Punkten ausgezeichnete 4.! Lukas kam mit 418 Punkten auf\u00a0Platz 7\u00a0( alle Rennen gefahren!) &#8211; nur 3 Punkte fehlten ihm auf den 6. Platz! Herzliche Gratulation unseren j\u00fcngsten Rennfahrern!!!!<\/p>\n","category_list":"<a href=\"https:\/\/rad.asvi.at\/?cat=9\" rel=\"category\">Allgemein<\/a>, <a href=\"https:\/\/rad.asvi.at\/?cat=11\" rel=\"category\">Rennsport<\/a>","author_info":{"name":"Roman","url":"https:\/\/rad.asvi.at\/?author=2"},"comments_num":"0 comments","_links":{"self":[{"href":"https:\/\/rad.asvi.at\/index.php?rest_route=\/wp\/v2\/posts\/3818","targetHints":{"allow":["GET"]}}],"collection":[{"href":"https:\/\/rad.asvi.at\/index.php?rest_route=\/wp\/v2\/posts"}],"about":[{"href":"https:\/\/rad.asvi.at\/index.php?rest_route=\/wp\/v2\/types\/post"}],"author":[{"embeddable":true,"href":"https:\/\/rad.asvi.at\/index.php?rest_route=\/wp\/v2\/users\/2"}],"replies":[{"embeddable":true,"href":"https:\/\/rad.asvi.at\/index.php?rest_route=%2Fwp%2Fv2%2Fcomments&post=3818"}],"version-history":[{"count":0,"href":"https:\/\/rad.asvi.at\/index.php?rest_route=\/wp\/v2\/posts\/3818\/revisions"}],"wp:featuredmedia":[{"embeddable":true,"href":"https:\/\/rad.asvi.at\/index.php?rest_route=\/"}],"wp:attachment":[{"href":"https:\/\/rad.asvi.at\/index.php?rest_route=%2Fwp%2Fv2%2Fmedia&parent=3818"}],"wp:term":[{"taxonomy":"category","embeddable":true,"href":"https:\/\/rad.asvi.at\/index.php?rest_route=%2Fwp%2Fv2%2Fcategories&post=3818"},{"taxonomy":"post_tag","embeddable":true,"href":"https:\/\/rad.asvi.at\/index.php?rest_route=%2Fwp%2Fv2%2Ftags&post=3818"}],"curies":[{"name":"wp","href":"https:\/\/api.w.org\/{rel}","templated":true}]}}