{"id":3824,"date":"2013-11-01T23:15:45","date_gmt":"2013-11-01T22:15:45","guid":{"rendered":"http:\/\/www.radclub-inzing.at\/?p=3824"},"modified":"2013-11-01T23:15:45","modified_gmt":"2013-11-01T22:15:45","slug":"radwoche-2014","status":"publish","type":"post","link":"https:\/\/rad.asvi.at\/?p=3824","title":{"rendered":"Radwoche 2014"},"content":{"rendered":"<p><a href=\"http:\/\/www.radclub-inzing.at\/?attachment_id=3834\" rel=\"attachment wp-att-3834\">Radwoche 2014<\/a><\/p>\n<p>\u00d6AMTC RAIKA KLEIDER MAIR ASV INZING\u00a0\u00a0\u00a0\u00a0\u00a0\u00a0\u00a0\u00a0\u00a0\u00a0\u00a0\u00a0\u00a0\u00a0\u00a0 Inzing, am 01.11.2013<\/p>\n<p><strong><span style=\"text-decoration: underline;\">RADWOCHE 2014\u00a0<\/span><\/strong><\/p>\n<p style=\"text-align: left;\" align=\"center\"><strong><span style=\"text-decoration: underline;\">vom<\/span><\/strong><\/p>\n<p style=\"text-align: left;\" align=\"center\"><strong><span style=\"text-decoration: underline;\">10.05.2014 bis 17.05.2014<\/span><\/strong><\/p>\n<p style=\"text-align: left;\">Unser Touristikteam hat sich entschlossen, im n\u00e4chsten Jahr nach<\/p>\n<p style=\"text-align: left;\" align=\"center\"><strong>\u00a0\u00a0\u00a0\u00a0\u00a0\u00a0\u00a0\u00a0\u00a0\u00a0\u00a0\u00a0\u00a0\u00a0\u00a0\u00a0\u00a0\u00a0\u00a0\u00a0\u00a0\u00a0\u00a0\u00a0\u00a0\u00a0\u00a0\u00a0\u00a0\u00a0\u00a0\u00a0\u00a0\u00a0\u00a0\u00a0\u00a0\u00a0\u00a0\u00a0 Bolsena (Umbrien)<\/strong><\/p>\n<p style=\"text-align: left;\">zu fahren.<\/p>\n<p style=\"text-align: left;\">Der Name des Hotels lautet:<\/p>\n<p style=\"text-align: left;\" align=\"center\"><span style=\"text-decoration: underline;\">Hotel Lido Palace ****<br \/>\n<\/span>01023 Bolsena (VT) Via Cassia km 114,800<strong><\/strong><\/p>\n<p style=\"text-align: left;\">Die Kosten f\u00fcr die Woche sind wie folgt: \u00a0<strong>Halbpension\u00a0 \u00a0\u20ac 53,&#8211; pro Person\/Tag (DZ)<\/strong><\/p>\n<p style=\"text-align: left;\" align=\"center\">Der Preis ist vom Jahr 2013 und ist bei Buchung bis 31.12.2013 noch g\u00fcltig.<\/p>\n<p style=\"text-align: left;\">Da ich die genaue Anzahl der Teilnehmer namentlich bis sp\u00e4testens <strong>31.12.2013 <\/strong>melden<br \/>\nmuss, bitte ich Euch die Anmeldung bei mir inkl. einer Anzahlung in H\u00f6he von<br \/>\n\u20ac 100,&#8211; pro Person auf das unten angef\u00fchrte Bankkonto durchzuf\u00fchren.<\/p>\n<p style=\"text-align: left;\">\u00a0Anmeldung bei:<\/p>\n<p style=\"text-align: left;\">\u00a0Melauner Ulrich: Telefon 0664\/5435057\u00a0\u00a0\u00a0\u00a0\u00a0\u00a0 <a href=\"mailto:ulrich.melauner@treuhand-schwab.com\">ulrich.melauner@treuhand-schwab.com<\/a><\/p>\n<p style=\"text-align: left;\">\u00a0Achtung: Anmeldungen nach dem 31.12.2013 werden von uns nicht mehr bearbeitet!<\/p>\n<p style=\"text-align: left;\">Unsere Bankverbindung:<br \/>\nASVI-Inzing Sektion RAD<br \/>\nRaiffeisen Regionalbank Telfs,<br \/>\nBLZ 36336 Kto.Nr. 7.730.476<\/p>\n<p style=\"text-align: left;\">Mit radsportlichen Gr\u00fc\u00dfen<br \/>\nMartin-Peter-Ulli &#8211; Hobbyradteam<\/p>\n","protected":false},"excerpt":{"rendered":"<p>Radwoche 2014 \u00d6AMTC RAIKA KLEIDER MAIR ASV INZING\u00a0\u00a0\u00a0\u00a0\u00a0\u00a0\u00a0\u00a0\u00a0\u00a0\u00a0\u00a0\u00a0\u00a0\u00a0 Inzing, am 01.11.2013 RADWOCHE 2014\u00a0 vom 10.05.2014 bis 17.05.2014 Unser Touristikteam hat sich entschlossen, im n\u00e4chsten Jahr nach \u00a0\u00a0\u00a0\u00a0\u00a0\u00a0\u00a0\u00a0\u00a0\u00a0\u00a0\u00a0\u00a0\u00a0\u00a0\u00a0\u00a0\u00a0\u00a0\u00a0\u00a0\u00a0\u00a0\u00a0\u00a0\u00a0\u00a0\u00a0\u00a0\u00a0\u00a0\u00a0\u00a0\u00a0\u00a0\u00a0\u00a0\u00a0\u00a0\u00a0 Bolsena (Umbrien) zu fahren. Der Name des Hotels lautet: Hotel Lido Palace **** 01023 Bolsena (VT) Via Cassia km 114,800 Die Kosten f\u00fcr die Woche sind wie folgt:&hellip;&nbsp;<a href=\"https:\/\/rad.asvi.at\/?p=3824\" class=\"\" rel=\"bookmark\">Weiterlesen &raquo;<span class=\"screen-reader-text\">Radwoche 2014<\/span><\/a><\/p>\n","protected":false},"author":2,"featured_media":0,"comment_status":"open","ping_status":"closed","sticky":false,"template":"","format":"standard","meta":{"neve_meta_sidebar":"","neve_meta_container":"","neve_meta_enable_content_width":"","neve_meta_content_width":0,"neve_meta_title_alignment":"","neve_meta_author_avatar":"","neve_post_elements_order":"","neve_meta_disable_header":"","neve_meta_disable_footer":"","neve_meta_disable_title":"","footnotes":""},"categories":[9,10,11],"tags":[],"class_list":["post-3824","post","type-post","status-publish","format-standard","hentry","category-allgemein","category-hobbysport","category-rennsport"],"featured_image_urls":{"full":"","thumbnail":"","medium":"","medium_large":"","large":"","xl":"","xxl":"","xxxl":"","xxxxl":"","xxxxxl":"","1536x1536":"","2048x2048":"","neve-blog":""},"post_excerpt_stackable":"<p>Radwoche 2014 \u00d6AMTC RAIKA KLEIDER MAIR ASV INZING\u00a0\u00a0\u00a0\u00a0\u00a0\u00a0\u00a0\u00a0\u00a0\u00a0\u00a0\u00a0\u00a0\u00a0\u00a0 Inzing, am 01.11.2013 RADWOCHE 2014\u00a0 vom 10.05.2014 bis 17.05.2014 Unser Touristikteam hat sich entschlossen, im n\u00e4chsten Jahr nach \u00a0\u00a0\u00a0\u00a0\u00a0\u00a0\u00a0\u00a0\u00a0\u00a0\u00a0\u00a0\u00a0\u00a0\u00a0\u00a0\u00a0\u00a0\u00a0\u00a0\u00a0\u00a0\u00a0\u00a0\u00a0\u00a0\u00a0\u00a0\u00a0\u00a0\u00a0\u00a0\u00a0\u00a0\u00a0\u00a0\u00a0\u00a0\u00a0\u00a0 Bolsena (Umbrien) zu fahren. Der Name des Hotels lautet: Hotel Lido Palace **** 01023 Bolsena (VT) Via Cassia km 114,800 Die Kosten f\u00fcr die Woche sind wie folgt: \u00a0Halbpension\u00a0 \u00a0\u20ac 53,&#8211; pro Person\/Tag (DZ) Der Preis ist vom Jahr 2013 und ist bei Buchung bis 31.12.2013 noch g\u00fcltig. Da ich die genaue Anzahl der Teilnehmer namentlich bis sp\u00e4testens 31.12.2013 melden muss, bitte ich Euch die Anmeldung bei mir inkl. einer Anzahlung in H\u00f6he&hellip;<\/p>\n","category_list":"<a href=\"https:\/\/rad.asvi.at\/?cat=9\" rel=\"category\">Allgemein<\/a>, <a href=\"https:\/\/rad.asvi.at\/?cat=10\" rel=\"category\">Hobbysport<\/a>, <a href=\"https:\/\/rad.asvi.at\/?cat=11\" rel=\"category\">Rennsport<\/a>","author_info":{"name":"Roman","url":"https:\/\/rad.asvi.at\/?author=2"},"comments_num":"0 comments","_links":{"self":[{"href":"https:\/\/rad.asvi.at\/index.php?rest_route=\/wp\/v2\/posts\/3824","targetHints":{"allow":["GET"]}}],"collection":[{"href":"https:\/\/rad.asvi.at\/index.php?rest_route=\/wp\/v2\/posts"}],"about":[{"href":"https:\/\/rad.asvi.at\/index.php?rest_route=\/wp\/v2\/types\/post"}],"author":[{"embeddable":true,"href":"https:\/\/rad.asvi.at\/index.php?rest_route=\/wp\/v2\/users\/2"}],"replies":[{"embeddable":true,"href":"https:\/\/rad.asvi.at\/index.php?rest_route=%2Fwp%2Fv2%2Fcomments&post=3824"}],"version-history":[{"count":0,"href":"https:\/\/rad.asvi.at\/index.php?rest_route=\/wp\/v2\/posts\/3824\/revisions"}],"wp:attachment":[{"href":"https:\/\/rad.asvi.at\/index.php?rest_route=%2Fwp%2Fv2%2Fmedia&parent=3824"}],"wp:term":[{"taxonomy":"category","embeddable":true,"href":"https:\/\/rad.asvi.at\/index.php?rest_route=%2Fwp%2Fv2%2Fcategories&post=3824"},{"taxonomy":"post_tag","embeddable":true,"href":"https:\/\/rad.asvi.at\/index.php?rest_route=%2Fwp%2Fv2%2Ftags&post=3824"}],"curies":[{"name":"wp","href":"https:\/\/api.w.org\/{rel}","templated":true}]}}