{"id":3841,"date":"2013-11-13T22:37:54","date_gmt":"2013-11-13T21:37:54","guid":{"rendered":"http:\/\/www.radclub-inzing.at\/?p=3841"},"modified":"2013-11-13T22:37:54","modified_gmt":"2013-11-13T21:37:54","slug":"abschlussabend-2013","status":"publish","type":"post","link":"https:\/\/rad.asvi.at\/?p=3841","title":{"rendered":"ABSCHLUSSABEND 2013"},"content":{"rendered":"<p>Traditionell beendete der \u00d6AMTC RAIKA KLEIDERMAIR ASV INZING seine Radsaison mit einer ordentlichen Abschlussfeier. Im Hattinger Vorzeigegasthaus Neurauter, fand man sich zu Speiss und Trank ein, um die H\u00f6hepunkte des abgelaufenen Radjahres noch einmal revue passieren zu lassen. Und es war dank toller Pr\u00e4sentationen der Hobby- und Renntruppe, sowie\u00a0\u00a0dem ausgezeichneten Essen, wieder ein wundersch\u00f6ner Abend.<\/p>\n<p>Programmh\u00f6hepunkt war die Verabschiedung des Inzinger Aush\u00e4ngeschilds Alexander Wachter aus Pfunds. Dieser lie\u00df lange Zeit auf sich warten, da er erst von Frankfurt\u00a0anreisen musste! Alexander f\u00e4hrt ja n\u00e4chstes Jahr f\u00fcr das Team Radland Tirol\u00a0in seiner ersten\u00a0Saison bei den &#8222;Gro\u00dfen&#8220;! In einem R\u00fcckblick wurde er noch einmal geb\u00fchrend gefeiert und f\u00fcr seine herausragenden sportlichen Erfolge f\u00fcr unseren Verein\u00a0mit dem &#8222;Goldenen Kranzl&#8220; geehrt! Alexander bedankte sich ganz herzlich beim Verein f\u00fcr die\u00a06 wundersch\u00f6nen &#8222;Lehrjahre&#8220;. Er blicke gerne &#8211; mit einem &#8222;weinenden und einem lachenden Auge&#8220;\u00a0&#8211; zur\u00fcck,\u00a0 freue sich aber auch schon auf die neuen Aufgaben und Ziele die jetzt auf ihn zukommen! Daf\u00fcr w\u00fcnschen wir ihm noch einmal alles alles Gute! M\u00f6ge ihn sein &#8222;Schlachtross Bukephalos&#8220; zu neuen Taten f\u00fchren!<\/p>\n<p>Leider mussten wir auch den langj\u00e4hrigen Obmannstellvertreter der Sektion Rad &#8211;\u00a0Hannes Abenthung &#8211; in\u00a0dieser Funktion verabschieden. \u00a0Auch ihm dankte der Verein f\u00fcr 6 Jahre engagierte Mitarbeit im Vorstand mit einem &#8222;Goldkranzl&#8220;!<\/p>\n<p>Bei den Ehreng\u00e4sten gesehen wurden \u00fcbrigens auch ASV\u00d6-Bundesfachwart Walter Falch &#8211; heuer leider ohne seine charmante Gemalin &#8211; und die ehemaligen Inzinger Rennfahrer\u00a0Stefan Kirchmair und Hannes Kapeller. Danke f\u00fcr\u00b4s Kommen!<\/p>\n","protected":false},"excerpt":{"rendered":"<p>Traditionell beendete der \u00d6AMTC RAIKA KLEIDERMAIR ASV INZING seine Radsaison mit einer ordentlichen Abschlussfeier. Im Hattinger Vorzeigegasthaus Neurauter, fand man sich zu Speiss und Trank ein, um die H\u00f6hepunkte des abgelaufenen Radjahres noch einmal revue passieren zu lassen. Und es war dank toller Pr\u00e4sentationen der Hobby- und Renntruppe, sowie\u00a0\u00a0dem ausgezeichneten Essen, wieder ein wundersch\u00f6ner Abend.&hellip;&nbsp;<a href=\"https:\/\/rad.asvi.at\/?p=3841\" class=\"\" rel=\"bookmark\">Weiterlesen &raquo;<span class=\"screen-reader-text\">ABSCHLUSSABEND 2013<\/span><\/a><\/p>\n","protected":false},"author":2,"featured_media":3871,"comment_status":"open","ping_status":"closed","sticky":false,"template":"","format":"standard","meta":{"neve_meta_sidebar":"","neve_meta_container":"","neve_meta_enable_content_width":"","neve_meta_content_width":0,"neve_meta_title_alignment":"","neve_meta_author_avatar":"","neve_post_elements_order":"","neve_meta_disable_header":"","neve_meta_disable_footer":"","neve_meta_disable_title":"","footnotes":""},"categories":[9,10,11],"tags":[],"class_list":["post-3841","post","type-post","status-publish","format-standard","has-post-thumbnail","hentry","category-allgemein","category-hobbysport","category-rennsport"],"featured_image_urls":{"full":"","thumbnail":"","medium":"","medium_large":"","large":"","xl":"","xxl":"","xxxl":"","xxxxl":"","xxxxxl":"","1536x1536":"","2048x2048":"","neve-blog":""},"post_excerpt_stackable":"<p>Traditionell beendete der \u00d6AMTC RAIKA KLEIDERMAIR ASV INZING seine Radsaison mit einer ordentlichen Abschlussfeier. Im Hattinger Vorzeigegasthaus Neurauter, fand man sich zu Speiss und Trank ein, um die H\u00f6hepunkte des abgelaufenen Radjahres noch einmal revue passieren zu lassen. Und es war dank toller Pr\u00e4sentationen der Hobby- und Renntruppe, sowie\u00a0\u00a0dem ausgezeichneten Essen, wieder ein wundersch\u00f6ner Abend. Programmh\u00f6hepunkt war die Verabschiedung des Inzinger Aush\u00e4ngeschilds Alexander Wachter aus Pfunds. Dieser lie\u00df lange Zeit auf sich warten, da er erst von Frankfurt\u00a0anreisen musste! Alexander f\u00e4hrt ja n\u00e4chstes Jahr f\u00fcr das Team Radland Tirol\u00a0in seiner ersten\u00a0Saison bei den &#8222;Gro\u00dfen&#8220;! In einem R\u00fcckblick wurde er noch&hellip;<\/p>\n","category_list":"<a href=\"https:\/\/rad.asvi.at\/?cat=9\" rel=\"category\">Allgemein<\/a>, <a href=\"https:\/\/rad.asvi.at\/?cat=10\" rel=\"category\">Hobbysport<\/a>, <a href=\"https:\/\/rad.asvi.at\/?cat=11\" rel=\"category\">Rennsport<\/a>","author_info":{"name":"Roman","url":"https:\/\/rad.asvi.at\/?author=2"},"comments_num":"0 comments","_links":{"self":[{"href":"https:\/\/rad.asvi.at\/index.php?rest_route=\/wp\/v2\/posts\/3841","targetHints":{"allow":["GET"]}}],"collection":[{"href":"https:\/\/rad.asvi.at\/index.php?rest_route=\/wp\/v2\/posts"}],"about":[{"href":"https:\/\/rad.asvi.at\/index.php?rest_route=\/wp\/v2\/types\/post"}],"author":[{"embeddable":true,"href":"https:\/\/rad.asvi.at\/index.php?rest_route=\/wp\/v2\/users\/2"}],"replies":[{"embeddable":true,"href":"https:\/\/rad.asvi.at\/index.php?rest_route=%2Fwp%2Fv2%2Fcomments&post=3841"}],"version-history":[{"count":0,"href":"https:\/\/rad.asvi.at\/index.php?rest_route=\/wp\/v2\/posts\/3841\/revisions"}],"wp:featuredmedia":[{"embeddable":true,"href":"https:\/\/rad.asvi.at\/index.php?rest_route=\/"}],"wp:attachment":[{"href":"https:\/\/rad.asvi.at\/index.php?rest_route=%2Fwp%2Fv2%2Fmedia&parent=3841"}],"wp:term":[{"taxonomy":"category","embeddable":true,"href":"https:\/\/rad.asvi.at\/index.php?rest_route=%2Fwp%2Fv2%2Fcategories&post=3841"},{"taxonomy":"post_tag","embeddable":true,"href":"https:\/\/rad.asvi.at\/index.php?rest_route=%2Fwp%2Fv2%2Ftags&post=3841"}],"curies":[{"name":"wp","href":"https:\/\/api.w.org\/{rel}","templated":true}]}}