{"id":3911,"date":"2013-12-22T00:16:37","date_gmt":"2013-12-21T23:16:37","guid":{"rendered":"http:\/\/www.radclub-inzing.at\/?p=3911"},"modified":"2013-12-22T00:16:37","modified_gmt":"2013-12-21T23:16:37","slug":"strampel-fur-die-gute-sache","status":"publish","type":"post","link":"https:\/\/rad.asvi.at\/?p=3911","title":{"rendered":"Strampeln f\u00fcr die gute Sache !!"},"content":{"rendered":"<p>Exakt 23.040 Minuten traten die Teilnehmer heuer in die Pedale und erstrampelten 12.000 Euro.<br \/>\nUnter den Pedalrittern waren auch Teilnehmer von unserem Radverein. Unter den Radlern befanden sich<br \/>\nauch einige bekannte Namen der Radsportszene. Vizeweltmeister Daniel Federspiel, Olympiateilnehmer Karl<br \/>\nMarkt als auch Extremsportler Wolfgang Mader.<br \/>\nDas Geld wird f\u00fcr Kinder mit Mukoviszidose und f\u00fcr die vom Hochwasser betroffenen Familien in K\u00f6ssen<br \/>\nverwendet.<\/p>\n<p>&nbsp;<\/p>\n","protected":false},"excerpt":{"rendered":"<p>Exakt 23.040 Minuten traten die Teilnehmer heuer in die Pedale und erstrampelten 12.000 Euro. Unter den Pedalrittern waren auch Teilnehmer von unserem Radverein. Unter den Radlern befanden sich auch einige bekannte Namen der Radsportszene. Vizeweltmeister Daniel Federspiel, Olympiateilnehmer Karl Markt als auch Extremsportler Wolfgang Mader. Das Geld wird f\u00fcr Kinder mit Mukoviszidose und f\u00fcr die&hellip;&nbsp;<a href=\"https:\/\/rad.asvi.at\/?p=3911\" class=\"\" rel=\"bookmark\">Weiterlesen &raquo;<span class=\"screen-reader-text\">Strampeln f\u00fcr die gute Sache !!<\/span><\/a><\/p>\n","protected":false},"author":2,"featured_media":3892,"comment_status":"open","ping_status":"closed","sticky":false,"template":"","format":"standard","meta":{"neve_meta_sidebar":"","neve_meta_container":"","neve_meta_enable_content_width":"","neve_meta_content_width":0,"neve_meta_title_alignment":"","neve_meta_author_avatar":"","neve_post_elements_order":"","neve_meta_disable_header":"","neve_meta_disable_footer":"","neve_meta_disable_title":"","footnotes":""},"categories":[9,10],"tags":[],"class_list":["post-3911","post","type-post","status-publish","format-standard","has-post-thumbnail","hentry","category-allgemein","category-hobbysport"],"featured_image_urls":{"full":"","thumbnail":"","medium":"","medium_large":"","large":"","xl":"","xxl":"","xxxl":"","xxxxl":"","xxxxxl":"","1536x1536":"","2048x2048":"","neve-blog":""},"post_excerpt_stackable":"<p>Exakt 23.040 Minuten traten die Teilnehmer heuer in die Pedale und erstrampelten 12.000 Euro. Unter den Pedalrittern waren auch Teilnehmer von unserem Radverein. Unter den Radlern befanden sich auch einige bekannte Namen der Radsportszene. Vizeweltmeister Daniel Federspiel, Olympiateilnehmer Karl Markt als auch Extremsportler Wolfgang Mader. Das Geld wird f\u00fcr Kinder mit Mukoviszidose und f\u00fcr die vom Hochwasser betroffenen Familien in K\u00f6ssen verwendet. &nbsp;<\/p>\n","category_list":"<a href=\"https:\/\/rad.asvi.at\/?cat=9\" rel=\"category\">Allgemein<\/a>, <a href=\"https:\/\/rad.asvi.at\/?cat=10\" rel=\"category\">Hobbysport<\/a>","author_info":{"name":"Roman","url":"https:\/\/rad.asvi.at\/?author=2"},"comments_num":"0 comments","_links":{"self":[{"href":"https:\/\/rad.asvi.at\/index.php?rest_route=\/wp\/v2\/posts\/3911","targetHints":{"allow":["GET"]}}],"collection":[{"href":"https:\/\/rad.asvi.at\/index.php?rest_route=\/wp\/v2\/posts"}],"about":[{"href":"https:\/\/rad.asvi.at\/index.php?rest_route=\/wp\/v2\/types\/post"}],"author":[{"embeddable":true,"href":"https:\/\/rad.asvi.at\/index.php?rest_route=\/wp\/v2\/users\/2"}],"replies":[{"embeddable":true,"href":"https:\/\/rad.asvi.at\/index.php?rest_route=%2Fwp%2Fv2%2Fcomments&post=3911"}],"version-history":[{"count":0,"href":"https:\/\/rad.asvi.at\/index.php?rest_route=\/wp\/v2\/posts\/3911\/revisions"}],"wp:featuredmedia":[{"embeddable":true,"href":"https:\/\/rad.asvi.at\/index.php?rest_route=\/"}],"wp:attachment":[{"href":"https:\/\/rad.asvi.at\/index.php?rest_route=%2Fwp%2Fv2%2Fmedia&parent=3911"}],"wp:term":[{"taxonomy":"category","embeddable":true,"href":"https:\/\/rad.asvi.at\/index.php?rest_route=%2Fwp%2Fv2%2Fcategories&post=3911"},{"taxonomy":"post_tag","embeddable":true,"href":"https:\/\/rad.asvi.at\/index.php?rest_route=%2Fwp%2Fv2%2Ftags&post=3911"}],"curies":[{"name":"wp","href":"https:\/\/api.w.org\/{rel}","templated":true}]}}