{"id":4142,"date":"2014-04-19T19:01:50","date_gmt":"2014-04-19T17:01:50","guid":{"rendered":"http:\/\/www.radclub-inzing.at\/?p=4142"},"modified":"2014-04-19T19:01:50","modified_gmt":"2014-04-19T17:01:50","slug":"asvo-trainingslehrgang-in-salurn","status":"publish","type":"post","link":"https:\/\/rad.asvi.at\/?p=4142","title":{"rendered":"ASV\u00d6-Trainingslehrgang in Salurn"},"content":{"rendered":"<p>Inzings junge Nachwuchsrennfahrer absolvierten in der Karwoche das traditionelle ASV\u00d6-Trainingslager in Salurn (S\u00fcdtirol). Unter der fachkundigen Leitung von ASV\u00d6-Bundesfachwart <em><strong>Walter Falch<\/strong> <\/em>wird dieses schon seit mehr als 20 Jahren mit viel Erfolg durchgef\u00fchrt und ist fixer Bestandteil im Kalender des Tiroler Radnachwuchses. \u00a0F\u00fcr ganze Generationen\u00a0prominenter Radrennfahrer Tirols\u00a0ist Salurn ein Begriff: <em>Mario Traxl, Georg Totschnig, Armin Purner, Gerhard Trampusch, Stefan Denifl<\/em>, \u00a0u.v. a. m. haben sich hier den letzten Feinschliff f\u00fcr die Rennsaison geholt.<\/p>\n<p>Nicht weniger als 6 Inzinger waren mit von der Partie! Besonderer Dank gilt den Inzinger Betreuern <em>Andreas Rudigier <\/em>und <em>Thomas Grie\u00dfer<\/em> &#8211; die die Youngsters bei den zahlreichen Ausfahrten begleiteten!<\/p>\n","protected":false},"excerpt":{"rendered":"<p>Inzings junge Nachwuchsrennfahrer absolvierten in der Karwoche das traditionelle ASV\u00d6-Trainingslager in Salurn (S\u00fcdtirol). Unter der fachkundigen Leitung von ASV\u00d6-Bundesfachwart Walter Falch wird dieses schon seit mehr als 20 Jahren mit viel Erfolg durchgef\u00fchrt und ist fixer Bestandteil im Kalender des Tiroler Radnachwuchses. \u00a0F\u00fcr ganze Generationen\u00a0prominenter Radrennfahrer Tirols\u00a0ist Salurn ein Begriff: Mario Traxl, Georg Totschnig, Armin&hellip;&nbsp;<a href=\"https:\/\/rad.asvi.at\/?p=4142\" class=\"\" rel=\"bookmark\">Weiterlesen &raquo;<span class=\"screen-reader-text\">ASV\u00d6-Trainingslehrgang in Salurn<\/span><\/a><\/p>\n","protected":false},"author":2,"featured_media":4145,"comment_status":"open","ping_status":"closed","sticky":false,"template":"","format":"standard","meta":{"neve_meta_sidebar":"","neve_meta_container":"","neve_meta_enable_content_width":"","neve_meta_content_width":0,"neve_meta_title_alignment":"","neve_meta_author_avatar":"","neve_post_elements_order":"","neve_meta_disable_header":"","neve_meta_disable_footer":"","neve_meta_disable_title":"","footnotes":""},"categories":[9,11],"tags":[],"class_list":["post-4142","post","type-post","status-publish","format-standard","has-post-thumbnail","hentry","category-allgemein","category-rennsport"],"featured_image_urls":{"full":"","thumbnail":"","medium":"","medium_large":"","large":"","xl":"","xxl":"","xxxl":"","xxxxl":"","xxxxxl":"","1536x1536":"","2048x2048":"","neve-blog":""},"post_excerpt_stackable":"<p>Inzings junge Nachwuchsrennfahrer absolvierten in der Karwoche das traditionelle ASV\u00d6-Trainingslager in Salurn (S\u00fcdtirol). Unter der fachkundigen Leitung von ASV\u00d6-Bundesfachwart Walter Falch wird dieses schon seit mehr als 20 Jahren mit viel Erfolg durchgef\u00fchrt und ist fixer Bestandteil im Kalender des Tiroler Radnachwuchses. \u00a0F\u00fcr ganze Generationen\u00a0prominenter Radrennfahrer Tirols\u00a0ist Salurn ein Begriff: Mario Traxl, Georg Totschnig, Armin Purner, Gerhard Trampusch, Stefan Denifl, \u00a0u.v. a. m. haben sich hier den letzten Feinschliff f\u00fcr die Rennsaison geholt. Nicht weniger als 6 Inzinger waren mit von der Partie! Besonderer Dank gilt den Inzinger Betreuern Andreas Rudigier und Thomas Grie\u00dfer &#8211; die die Youngsters bei den&hellip;<\/p>\n","category_list":"<a href=\"https:\/\/rad.asvi.at\/?cat=9\" rel=\"category\">Allgemein<\/a>, <a href=\"https:\/\/rad.asvi.at\/?cat=11\" rel=\"category\">Rennsport<\/a>","author_info":{"name":"Roman","url":"https:\/\/rad.asvi.at\/?author=2"},"comments_num":"0 comments","_links":{"self":[{"href":"https:\/\/rad.asvi.at\/index.php?rest_route=\/wp\/v2\/posts\/4142","targetHints":{"allow":["GET"]}}],"collection":[{"href":"https:\/\/rad.asvi.at\/index.php?rest_route=\/wp\/v2\/posts"}],"about":[{"href":"https:\/\/rad.asvi.at\/index.php?rest_route=\/wp\/v2\/types\/post"}],"author":[{"embeddable":true,"href":"https:\/\/rad.asvi.at\/index.php?rest_route=\/wp\/v2\/users\/2"}],"replies":[{"embeddable":true,"href":"https:\/\/rad.asvi.at\/index.php?rest_route=%2Fwp%2Fv2%2Fcomments&post=4142"}],"version-history":[{"count":0,"href":"https:\/\/rad.asvi.at\/index.php?rest_route=\/wp\/v2\/posts\/4142\/revisions"}],"wp:featuredmedia":[{"embeddable":true,"href":"https:\/\/rad.asvi.at\/index.php?rest_route=\/"}],"wp:attachment":[{"href":"https:\/\/rad.asvi.at\/index.php?rest_route=%2Fwp%2Fv2%2Fmedia&parent=4142"}],"wp:term":[{"taxonomy":"category","embeddable":true,"href":"https:\/\/rad.asvi.at\/index.php?rest_route=%2Fwp%2Fv2%2Fcategories&post=4142"},{"taxonomy":"post_tag","embeddable":true,"href":"https:\/\/rad.asvi.at\/index.php?rest_route=%2Fwp%2Fv2%2Ftags&post=4142"}],"curies":[{"name":"wp","href":"https:\/\/api.w.org\/{rel}","templated":true}]}}