{"id":4163,"date":"2014-04-27T21:19:18","date_gmt":"2014-04-27T19:19:18","guid":{"rendered":"http:\/\/www.radclub-inzing.at\/?p=4163"},"modified":"2014-04-27T21:19:18","modified_gmt":"2014-04-27T19:19:18","slug":"fabian-morianz-holt-spitzenplatz-in-italien","status":"publish","type":"post","link":"https:\/\/rad.asvi.at\/?p=4163","title":{"rendered":"Fabian Morianz holt Spitzenplatz in Italien!"},"content":{"rendered":"<p><strong><span style=\"text-decoration: underline;\">Palu di Giovo \u2013 So 27.04.2014<\/span><\/strong><\/p>\n<p>Spitzenplatzierung f\u00fcr den Inzinger Juniorenfahrer Fabian Morianz in Italien!<\/p>\n<p>In Palu di Giovo im Chembratal oberhalb von Trient herrschte heute wieder \u201eAusnahmezustand\u201c \u2013 denn es ging, wie jedes Jahr um diese Zeit, das traditionelle Nachwuchsradrennen f\u00fcr Junioren \u00fcber die B\u00fchne! Bei ge\u00e4nderter Streckenf\u00fchrung waren heuer 74km mit ca. 1500hm zu bew\u00e4ltigen!<\/p>\n<p>Fabian: \u201eBei str\u00f6mendem Regen und starkem Nebel versuchten gleich nach dem offiziellen Start einige Fahrer ihr Gl\u00fcck in der Flucht nach vorne. Bereits nach ca. 5km erwischte ich eine 9 Mann Spitzengruppe, die sich lange vorne halten konnte und erst kurz vor der ersten Bergwertung (bei Kilometer 50) eingeholt wurde. Nach dieser Bergwertung konnten sich 2 Mann absetzen. \u00a0Auf der abschlie\u00dfenden bergigen und bis zu 15% steilen Schlussrunde konnte ich mich wieder mit 10 Fahrern vom Hauptfeld l\u00f6sen. Kurz vor dem Ziel (ca. 300m\/im steilen Schlussanstieg!)) hatte ich leider das Pech, dass mir die Kette heraussprang und ich vom Rad musste. Schnell wieder aufgesprungen konnte ich trotzdem noch den 9. Gesamtrang erringen. \u00a0Mit dem Resultat kann ich als Einzelfahrer ohne Teamunterst\u00fctzung trotzdem sehr zufrieden sein, da dieses Rennen auch immer sehr gut besetzt ist\u201c.<\/p>\n<p>&nbsp;<\/p>\n<p>P.S: In Palu di Giovo wohnen \u00fcbrigens so ber\u00fchmte Radsportlegenden wie z.B. Francesco Moser oder Gilberto Simioni!<\/p>\n<p>&nbsp;<\/p>\n","protected":false},"excerpt":{"rendered":"<p>Palu di Giovo \u2013 So 27.04.2014 Spitzenplatzierung f\u00fcr den Inzinger Juniorenfahrer Fabian Morianz in Italien! In Palu di Giovo im Chembratal oberhalb von Trient herrschte heute wieder \u201eAusnahmezustand\u201c \u2013 denn es ging, wie jedes Jahr um diese Zeit, das traditionelle Nachwuchsradrennen f\u00fcr Junioren \u00fcber die B\u00fchne! Bei ge\u00e4nderter Streckenf\u00fchrung waren heuer 74km mit ca. 1500hm&hellip;&nbsp;<a href=\"https:\/\/rad.asvi.at\/?p=4163\" class=\"\" rel=\"bookmark\">Weiterlesen &raquo;<span class=\"screen-reader-text\">Fabian Morianz holt Spitzenplatz in Italien!<\/span><\/a><\/p>\n","protected":false},"author":2,"featured_media":4164,"comment_status":"open","ping_status":"closed","sticky":false,"template":"","format":"standard","meta":{"neve_meta_sidebar":"","neve_meta_container":"","neve_meta_enable_content_width":"","neve_meta_content_width":0,"neve_meta_title_alignment":"","neve_meta_author_avatar":"","neve_post_elements_order":"","neve_meta_disable_header":"","neve_meta_disable_footer":"","neve_meta_disable_title":"","footnotes":""},"categories":[9,11],"tags":[],"class_list":["post-4163","post","type-post","status-publish","format-standard","has-post-thumbnail","hentry","category-allgemein","category-rennsport"],"featured_image_urls":{"full":"","thumbnail":"","medium":"","medium_large":"","large":"","xl":"","xxl":"","xxxl":"","xxxxl":"","xxxxxl":"","1536x1536":"","2048x2048":"","neve-blog":""},"post_excerpt_stackable":"<p>Palu di Giovo \u2013 So 27.04.2014 Spitzenplatzierung f\u00fcr den Inzinger Juniorenfahrer Fabian Morianz in Italien! In Palu di Giovo im Chembratal oberhalb von Trient herrschte heute wieder \u201eAusnahmezustand\u201c \u2013 denn es ging, wie jedes Jahr um diese Zeit, das traditionelle Nachwuchsradrennen f\u00fcr Junioren \u00fcber die B\u00fchne! Bei ge\u00e4nderter Streckenf\u00fchrung waren heuer 74km mit ca. 1500hm zu bew\u00e4ltigen! Fabian: \u201eBei str\u00f6mendem Regen und starkem Nebel versuchten gleich nach dem offiziellen Start einige Fahrer ihr Gl\u00fcck in der Flucht nach vorne. Bereits nach ca. 5km erwischte ich eine 9 Mann Spitzengruppe, die sich lange vorne halten konnte und erst kurz vor der&hellip;<\/p>\n","category_list":"<a href=\"https:\/\/rad.asvi.at\/?cat=9\" rel=\"category\">Allgemein<\/a>, <a href=\"https:\/\/rad.asvi.at\/?cat=11\" rel=\"category\">Rennsport<\/a>","author_info":{"name":"Roman","url":"https:\/\/rad.asvi.at\/?author=2"},"comments_num":"0 comments","_links":{"self":[{"href":"https:\/\/rad.asvi.at\/index.php?rest_route=\/wp\/v2\/posts\/4163","targetHints":{"allow":["GET"]}}],"collection":[{"href":"https:\/\/rad.asvi.at\/index.php?rest_route=\/wp\/v2\/posts"}],"about":[{"href":"https:\/\/rad.asvi.at\/index.php?rest_route=\/wp\/v2\/types\/post"}],"author":[{"embeddable":true,"href":"https:\/\/rad.asvi.at\/index.php?rest_route=\/wp\/v2\/users\/2"}],"replies":[{"embeddable":true,"href":"https:\/\/rad.asvi.at\/index.php?rest_route=%2Fwp%2Fv2%2Fcomments&post=4163"}],"version-history":[{"count":0,"href":"https:\/\/rad.asvi.at\/index.php?rest_route=\/wp\/v2\/posts\/4163\/revisions"}],"wp:featuredmedia":[{"embeddable":true,"href":"https:\/\/rad.asvi.at\/index.php?rest_route=\/"}],"wp:attachment":[{"href":"https:\/\/rad.asvi.at\/index.php?rest_route=%2Fwp%2Fv2%2Fmedia&parent=4163"}],"wp:term":[{"taxonomy":"category","embeddable":true,"href":"https:\/\/rad.asvi.at\/index.php?rest_route=%2Fwp%2Fv2%2Fcategories&post=4163"},{"taxonomy":"post_tag","embeddable":true,"href":"https:\/\/rad.asvi.at\/index.php?rest_route=%2Fwp%2Fv2%2Ftags&post=4163"}],"curies":[{"name":"wp","href":"https:\/\/api.w.org\/{rel}","templated":true}]}}