{"id":4283,"date":"2014-05-19T20:15:49","date_gmt":"2014-05-19T18:15:49","guid":{"rendered":"http:\/\/www.radclub-inzing.at\/?p=4283"},"modified":"2014-05-19T20:15:49","modified_gmt":"2014-05-19T18:15:49","slug":"bolsena-radwoche-2014","status":"publish","type":"post","link":"https:\/\/rad.asvi.at\/?p=4283","title":{"rendered":"Bolsena Radwoche 2014"},"content":{"rendered":"<p>Die heurige Radwoche war wieder ein voller Erfolg !<br \/>\nObwohl immer wieder Regen von einzelnen Teilnehmern vorausgesagt wurde, traf dies aber die gesamte Woche nicht zu.<br \/>\nDie Temperaturen sowie das Wetter war f\u00fcr den Radfahrer einfach ideal.<br \/>\nDie t\u00e4glichen Radtouren f\u00fchrten uns zu den sch\u00f6nsten\u00a0Pl\u00e4tzen Umbriens.<br \/>\nF\u00fcr die Daheimgebliebenen kann ich nur sagen &#8211; Ihr habt was vers\u00e4umt !!<\/p>\n<p>Teilnehmer: 16 Personen\u00a0 \/ Kilometer: 798 (Damen 660) \/ H\u00f6henmeter: 12.103 (Damen 10.003)<br \/>\n&#8211; die Damen hielten einen Ruhetag &#8211; zum pummeln und so !!<\/p>\n<p>Bei kleineren Plessuren\u00a0hatten wir Gott sei dank unseren Max\u00a0und\u00a0bei Raddefekten\u00a0unseren Martin !<\/p>\n","protected":false},"excerpt":{"rendered":"<p>Die heurige Radwoche war wieder ein voller Erfolg ! Obwohl immer wieder Regen von einzelnen Teilnehmern vorausgesagt wurde, traf dies aber die gesamte Woche nicht zu. Die Temperaturen sowie das Wetter war f\u00fcr den Radfahrer einfach ideal. Die t\u00e4glichen Radtouren f\u00fchrten uns zu den sch\u00f6nsten\u00a0Pl\u00e4tzen Umbriens. F\u00fcr die Daheimgebliebenen kann ich nur sagen &#8211; Ihr&hellip;&nbsp;<a href=\"https:\/\/rad.asvi.at\/?p=4283\" class=\"\" rel=\"bookmark\">Weiterlesen &raquo;<span class=\"screen-reader-text\">Bolsena Radwoche 2014<\/span><\/a><\/p>\n","protected":false},"author":2,"featured_media":4261,"comment_status":"open","ping_status":"closed","sticky":false,"template":"","format":"standard","meta":{"neve_meta_sidebar":"","neve_meta_container":"","neve_meta_enable_content_width":"","neve_meta_content_width":0,"neve_meta_title_alignment":"","neve_meta_author_avatar":"","neve_post_elements_order":"","neve_meta_disable_header":"","neve_meta_disable_footer":"","neve_meta_disable_title":"","footnotes":""},"categories":[9,10],"tags":[],"class_list":["post-4283","post","type-post","status-publish","format-standard","has-post-thumbnail","hentry","category-allgemein","category-hobbysport"],"featured_image_urls":{"full":"","thumbnail":"","medium":"","medium_large":"","large":"","xl":"","xxl":"","xxxl":"","xxxxl":"","xxxxxl":"","1536x1536":"","2048x2048":"","neve-blog":""},"post_excerpt_stackable":"<p>Die heurige Radwoche war wieder ein voller Erfolg ! Obwohl immer wieder Regen von einzelnen Teilnehmern vorausgesagt wurde, traf dies aber die gesamte Woche nicht zu. Die Temperaturen sowie das Wetter war f\u00fcr den Radfahrer einfach ideal. Die t\u00e4glichen Radtouren f\u00fchrten uns zu den sch\u00f6nsten\u00a0Pl\u00e4tzen Umbriens. F\u00fcr die Daheimgebliebenen kann ich nur sagen &#8211; Ihr habt was vers\u00e4umt !! Teilnehmer: 16 Personen\u00a0 \/ Kilometer: 798 (Damen 660) \/ H\u00f6henmeter: 12.103 (Damen 10.003) &#8211; die Damen hielten einen Ruhetag &#8211; zum pummeln und so !! Bei kleineren Plessuren\u00a0hatten wir Gott sei dank unseren Max\u00a0und\u00a0bei Raddefekten\u00a0unseren Martin !<\/p>\n","category_list":"<a href=\"https:\/\/rad.asvi.at\/?cat=9\" rel=\"category\">Allgemein<\/a>, <a href=\"https:\/\/rad.asvi.at\/?cat=10\" rel=\"category\">Hobbysport<\/a>","author_info":{"name":"Roman","url":"https:\/\/rad.asvi.at\/?author=2"},"comments_num":"0 comments","_links":{"self":[{"href":"https:\/\/rad.asvi.at\/index.php?rest_route=\/wp\/v2\/posts\/4283","targetHints":{"allow":["GET"]}}],"collection":[{"href":"https:\/\/rad.asvi.at\/index.php?rest_route=\/wp\/v2\/posts"}],"about":[{"href":"https:\/\/rad.asvi.at\/index.php?rest_route=\/wp\/v2\/types\/post"}],"author":[{"embeddable":true,"href":"https:\/\/rad.asvi.at\/index.php?rest_route=\/wp\/v2\/users\/2"}],"replies":[{"embeddable":true,"href":"https:\/\/rad.asvi.at\/index.php?rest_route=%2Fwp%2Fv2%2Fcomments&post=4283"}],"version-history":[{"count":0,"href":"https:\/\/rad.asvi.at\/index.php?rest_route=\/wp\/v2\/posts\/4283\/revisions"}],"wp:featuredmedia":[{"embeddable":true,"href":"https:\/\/rad.asvi.at\/index.php?rest_route=\/"}],"wp:attachment":[{"href":"https:\/\/rad.asvi.at\/index.php?rest_route=%2Fwp%2Fv2%2Fmedia&parent=4283"}],"wp:term":[{"taxonomy":"category","embeddable":true,"href":"https:\/\/rad.asvi.at\/index.php?rest_route=%2Fwp%2Fv2%2Fcategories&post=4283"},{"taxonomy":"post_tag","embeddable":true,"href":"https:\/\/rad.asvi.at\/index.php?rest_route=%2Fwp%2Fv2%2Ftags&post=4283"}],"curies":[{"name":"wp","href":"https:\/\/api.w.org\/{rel}","templated":true}]}}