{"id":4339,"date":"2014-05-25T18:49:37","date_gmt":"2014-05-25T16:49:37","guid":{"rendered":"http:\/\/www.radclub-inzing.at\/?p=4339"},"modified":"2014-05-25T18:49:37","modified_gmt":"2014-05-25T16:49:37","slug":"2-ausfahrt-vinschgauer-hohenstrase","status":"publish","type":"post","link":"https:\/\/rad.asvi.at\/?p=4339","title":{"rendered":"2. Ausfahrt Vinschgauer H\u00f6henstra\u00dfe"},"content":{"rendered":"<p>Unter Leitung bzw. Routenf\u00fchrung vom &#8222;Obergrichtler&#8220;\u00a0Peter Riedl\u00a0 starteten wir in Mals.<br \/>\nNach 2 Kilometer f\u00fchrte uns\u00a0Peter auf eine Kopfsteinstra\u00dfe die den Vergleich mit<br \/>\nParis &#8211; Roubaix nicht scheuen brauchte!<br \/>\nNachdem erreichen des\u00a0h\u00f6chsten Punktes der H\u00f6henstra\u00dfe\u00a0lag vor uns das herrliche<br \/>\nPanorama der Ortlergruppe und des ganzen Vinschgaues.<br \/>\nWir m\u00f6chten uns nochmals bei Peter f\u00fcr die sch\u00f6ne Routenwahl bedanken!<\/p>\n<p>Datum: 24.05.2014\u00a0 \/ Teilnehmer: 17 Personen \/ Kilometer: 65\u00a0\/ H\u00f6henmeter: 1151<\/p>\n","protected":false},"excerpt":{"rendered":"<p>Unter Leitung bzw. Routenf\u00fchrung vom &#8222;Obergrichtler&#8220;\u00a0Peter Riedl\u00a0 starteten wir in Mals. Nach 2 Kilometer f\u00fchrte uns\u00a0Peter auf eine Kopfsteinstra\u00dfe die den Vergleich mit Paris &#8211; Roubaix nicht scheuen brauchte! Nachdem erreichen des\u00a0h\u00f6chsten Punktes der H\u00f6henstra\u00dfe\u00a0lag vor uns das herrliche Panorama der Ortlergruppe und des ganzen Vinschgaues. Wir m\u00f6chten uns nochmals bei Peter f\u00fcr die sch\u00f6ne&hellip;&nbsp;<a href=\"https:\/\/rad.asvi.at\/?p=4339\" class=\"\" rel=\"bookmark\">Weiterlesen &raquo;<span class=\"screen-reader-text\">2. Ausfahrt Vinschgauer H\u00f6henstra\u00dfe<\/span><\/a><\/p>\n","protected":false},"author":2,"featured_media":4308,"comment_status":"open","ping_status":"closed","sticky":false,"template":"","format":"standard","meta":{"neve_meta_sidebar":"","neve_meta_container":"","neve_meta_enable_content_width":"","neve_meta_content_width":0,"neve_meta_title_alignment":"","neve_meta_author_avatar":"","neve_post_elements_order":"","neve_meta_disable_header":"","neve_meta_disable_footer":"","neve_meta_disable_title":"","footnotes":""},"categories":[9,10],"tags":[],"class_list":["post-4339","post","type-post","status-publish","format-standard","has-post-thumbnail","hentry","category-allgemein","category-hobbysport"],"featured_image_urls":{"full":"","thumbnail":"","medium":"","medium_large":"","large":"","xl":"","xxl":"","xxxl":"","xxxxl":"","xxxxxl":"","1536x1536":"","2048x2048":"","neve-blog":""},"post_excerpt_stackable":"<p>Unter Leitung bzw. Routenf\u00fchrung vom &#8222;Obergrichtler&#8220;\u00a0Peter Riedl\u00a0 starteten wir in Mals. Nach 2 Kilometer f\u00fchrte uns\u00a0Peter auf eine Kopfsteinstra\u00dfe die den Vergleich mit Paris &#8211; Roubaix nicht scheuen brauchte! Nachdem erreichen des\u00a0h\u00f6chsten Punktes der H\u00f6henstra\u00dfe\u00a0lag vor uns das herrliche Panorama der Ortlergruppe und des ganzen Vinschgaues. Wir m\u00f6chten uns nochmals bei Peter f\u00fcr die sch\u00f6ne Routenwahl bedanken! Datum: 24.05.2014\u00a0 \/ Teilnehmer: 17 Personen \/ Kilometer: 65\u00a0\/ H\u00f6henmeter: 1151<\/p>\n","category_list":"<a href=\"https:\/\/rad.asvi.at\/?cat=9\" rel=\"category\">Allgemein<\/a>, <a href=\"https:\/\/rad.asvi.at\/?cat=10\" rel=\"category\">Hobbysport<\/a>","author_info":{"name":"Roman","url":"https:\/\/rad.asvi.at\/?author=2"},"comments_num":"0 comments","_links":{"self":[{"href":"https:\/\/rad.asvi.at\/index.php?rest_route=\/wp\/v2\/posts\/4339","targetHints":{"allow":["GET"]}}],"collection":[{"href":"https:\/\/rad.asvi.at\/index.php?rest_route=\/wp\/v2\/posts"}],"about":[{"href":"https:\/\/rad.asvi.at\/index.php?rest_route=\/wp\/v2\/types\/post"}],"author":[{"embeddable":true,"href":"https:\/\/rad.asvi.at\/index.php?rest_route=\/wp\/v2\/users\/2"}],"replies":[{"embeddable":true,"href":"https:\/\/rad.asvi.at\/index.php?rest_route=%2Fwp%2Fv2%2Fcomments&post=4339"}],"version-history":[{"count":0,"href":"https:\/\/rad.asvi.at\/index.php?rest_route=\/wp\/v2\/posts\/4339\/revisions"}],"wp:featuredmedia":[{"embeddable":true,"href":"https:\/\/rad.asvi.at\/index.php?rest_route=\/"}],"wp:attachment":[{"href":"https:\/\/rad.asvi.at\/index.php?rest_route=%2Fwp%2Fv2%2Fmedia&parent=4339"}],"wp:term":[{"taxonomy":"category","embeddable":true,"href":"https:\/\/rad.asvi.at\/index.php?rest_route=%2Fwp%2Fv2%2Fcategories&post=4339"},{"taxonomy":"post_tag","embeddable":true,"href":"https:\/\/rad.asvi.at\/index.php?rest_route=%2Fwp%2Fv2%2Ftags&post=4339"}],"curies":[{"name":"wp","href":"https:\/\/api.w.org\/{rel}","templated":true}]}}