{"id":4391,"date":"2014-06-27T01:09:03","date_gmt":"2014-06-26T23:09:03","guid":{"rendered":"http:\/\/www.radclub-inzing.at\/?p=4391"},"modified":"2014-06-27T01:09:03","modified_gmt":"2014-06-26T23:09:03","slug":"3-ausfahrt-ultental","status":"publish","type":"post","link":"https:\/\/rad.asvi.at\/?p=4391","title":{"rendered":"3. Ausfahrt Ultental"},"content":{"rendered":"<p>Aufgrund der Wetterprognosen waren wir leider gezwungen die geplante Ausfahrt<br \/>\n(Gardasee) zu \u00e4ndern. Wir fuhren daher nach Lana wo wir in Richtung Ultental starteten.<br \/>\nDie dunklen Wolken die\u00a0um die Berggipfeln hingen lie\u00dfen nichts gutes erahnen.<br \/>\nBei St. Walburg fuhren wir in Richtung Provais. Nach einem langen steilen Anstieg und einen<br \/>\n1,6 Kilometer langen Tunnel erreichten wir bei noch leichten Regen den h\u00f6chsten Punkt.<br \/>\nWir entschieden uns noch l\u00e4ngerem hin und her wieder die gleiche Strecke zur\u00fcck zu fahren.<br \/>\nBei str\u00f6menden Regen und &#8222;leicht&#8220; durchn\u00e4sst erreichten wir wieder Lana!<br \/>\nDas Wetter tat der guten Laune keinen Abbruch. Nach einer l\u00e4ngeren Einkehr bei gutem Essen<br \/>\nund blendender Unterhaltung fuhren wir wieder nach Hause.<\/p>\n<p>Datum: 15.06.2014\u00a0\/ \u00a0Teilnehmer: 7 Personen\u00a0\/\u00a0 Kilometer: 51 \/ H\u00f6henmeter: 1.545<\/p>\n<p>&nbsp;<\/p>\n<p>&nbsp;<\/p>\n<p>&nbsp;<\/p>\n","protected":false},"excerpt":{"rendered":"<p>Aufgrund der Wetterprognosen waren wir leider gezwungen die geplante Ausfahrt (Gardasee) zu \u00e4ndern. Wir fuhren daher nach Lana wo wir in Richtung Ultental starteten. Die dunklen Wolken die\u00a0um die Berggipfeln hingen lie\u00dfen nichts gutes erahnen. Bei St. Walburg fuhren wir in Richtung Provais. Nach einem langen steilen Anstieg und einen 1,6 Kilometer langen Tunnel erreichten&hellip;&nbsp;<a href=\"https:\/\/rad.asvi.at\/?p=4391\" class=\"\" rel=\"bookmark\">Weiterlesen &raquo;<span class=\"screen-reader-text\">3. Ausfahrt Ultental<\/span><\/a><\/p>\n","protected":false},"author":2,"featured_media":4413,"comment_status":"open","ping_status":"closed","sticky":false,"template":"","format":"standard","meta":{"neve_meta_sidebar":"","neve_meta_container":"","neve_meta_enable_content_width":"","neve_meta_content_width":0,"neve_meta_title_alignment":"","neve_meta_author_avatar":"","neve_post_elements_order":"","neve_meta_disable_header":"","neve_meta_disable_footer":"","neve_meta_disable_title":"","footnotes":""},"categories":[9,10],"tags":[],"class_list":["post-4391","post","type-post","status-publish","format-standard","has-post-thumbnail","hentry","category-allgemein","category-hobbysport"],"featured_image_urls":{"full":"","thumbnail":"","medium":"","medium_large":"","large":"","xl":"","xxl":"","xxxl":"","xxxxl":"","xxxxxl":"","1536x1536":"","2048x2048":"","neve-blog":""},"post_excerpt_stackable":"<p>Aufgrund der Wetterprognosen waren wir leider gezwungen die geplante Ausfahrt (Gardasee) zu \u00e4ndern. Wir fuhren daher nach Lana wo wir in Richtung Ultental starteten. Die dunklen Wolken die\u00a0um die Berggipfeln hingen lie\u00dfen nichts gutes erahnen. Bei St. Walburg fuhren wir in Richtung Provais. Nach einem langen steilen Anstieg und einen 1,6 Kilometer langen Tunnel erreichten wir bei noch leichten Regen den h\u00f6chsten Punkt. Wir entschieden uns noch l\u00e4ngerem hin und her wieder die gleiche Strecke zur\u00fcck zu fahren. Bei str\u00f6menden Regen und &#8222;leicht&#8220; durchn\u00e4sst erreichten wir wieder Lana! Das Wetter tat der guten Laune keinen Abbruch. Nach einer l\u00e4ngeren Einkehr&hellip;<\/p>\n","category_list":"<a href=\"https:\/\/rad.asvi.at\/?cat=9\" rel=\"category\">Allgemein<\/a>, <a href=\"https:\/\/rad.asvi.at\/?cat=10\" rel=\"category\">Hobbysport<\/a>","author_info":{"name":"Roman","url":"https:\/\/rad.asvi.at\/?author=2"},"comments_num":"0 comments","_links":{"self":[{"href":"https:\/\/rad.asvi.at\/index.php?rest_route=\/wp\/v2\/posts\/4391","targetHints":{"allow":["GET"]}}],"collection":[{"href":"https:\/\/rad.asvi.at\/index.php?rest_route=\/wp\/v2\/posts"}],"about":[{"href":"https:\/\/rad.asvi.at\/index.php?rest_route=\/wp\/v2\/types\/post"}],"author":[{"embeddable":true,"href":"https:\/\/rad.asvi.at\/index.php?rest_route=\/wp\/v2\/users\/2"}],"replies":[{"embeddable":true,"href":"https:\/\/rad.asvi.at\/index.php?rest_route=%2Fwp%2Fv2%2Fcomments&post=4391"}],"version-history":[{"count":0,"href":"https:\/\/rad.asvi.at\/index.php?rest_route=\/wp\/v2\/posts\/4391\/revisions"}],"wp:featuredmedia":[{"embeddable":true,"href":"https:\/\/rad.asvi.at\/index.php?rest_route=\/"}],"wp:attachment":[{"href":"https:\/\/rad.asvi.at\/index.php?rest_route=%2Fwp%2Fv2%2Fmedia&parent=4391"}],"wp:term":[{"taxonomy":"category","embeddable":true,"href":"https:\/\/rad.asvi.at\/index.php?rest_route=%2Fwp%2Fv2%2Fcategories&post=4391"},{"taxonomy":"post_tag","embeddable":true,"href":"https:\/\/rad.asvi.at\/index.php?rest_route=%2Fwp%2Fv2%2Ftags&post=4391"}],"curies":[{"name":"wp","href":"https:\/\/api.w.org\/{rel}","templated":true}]}}