{"id":4483,"date":"2014-06-29T22:50:47","date_gmt":"2014-06-29T20:50:47","guid":{"rendered":"http:\/\/www.radclub-inzing.at\/?p=4483"},"modified":"2014-06-29T22:50:47","modified_gmt":"2014-06-29T20:50:47","slug":"osterreichische-meisterschaft-strase-grafenbachno-so-29-6","status":"publish","type":"post","link":"https:\/\/rad.asvi.at\/?p=4483","title":{"rendered":"\u00d6sterreichische Meisterschaft Stra\u00dfe \u2013 Grafenbach\/N\u00d6 \u2013 So 29.6."},"content":{"rendered":"<p><strong><em>Fabian Morianz<\/em><\/strong>\u00a0 holt die <strong>Bronzemedaille<\/strong> bei der diesj\u00e4hrigen \u00d6M auf der Stra\u00dfe im nieder\u00f6sterreichischen Grafenbach!<\/p>\n<p>Bei ausgezeichneten \u00e4u\u00dferen Bedingungen (Sonne\/27 Grad) standen die Titelk\u00e4mpfe bei den Junioren ganz im Zeichen\u00a0 von 3 Tiroler Fahrern: Benjamin Brkic, Patrick Gamper und Fabian Morianz. Bereits in der 4. von insgesamt 20 Runden (120km) konnte sich Morianz mit 2 weiteren Fahrern vom Feld absetzen und in der Folge einen Vorsprung von 1 Minute herausfahren. 9 Runden vor Schluss schlossen 3 weitere Fahrer (darunter Brkic und Gamper) auf dieses Spitzentrio auf. Bei der darauffolgenden Tempoversch\u00e4rfung wurde diese Spitzengruppe dann aber wieder auf 4 Mann reduziert. In der vorletzten Runde -bei einer weiteren Attacke von Brkic- konnte nur mehr Patrick Gamper folgen. Fabian Morianz fuhr dann in der letzten Runde mit Huber um den dritten Platz. Da er im Finish \u2013aufgrund der langen Flucht- auch noch Kr\u00e4mpfe bekam, wurde er von Huber \u00fcbersprintet und es sah alles danach aus, als ob er den undankbaren 4. Platz belegte. Aufgrund der Disqualifikation von Brkic (Rad zu leicht!) wurde seine kuragierte Fahrt aber doch noch mit der Bronzenen belohnt!<\/p>\n<p>Auch 2 Inzinger Youngsters (U15) fuhren ihre erste \u00d6sterreichische Meisterschaft auf der Stra\u00dfe und das noch dazu ziemlich gut! <strong><em>Elias Huemer<\/em><\/strong> wurde <strong>11.<\/strong> und <strong><em>Elias Farbmacher<\/em><\/strong> <strong>9.<\/strong>! Beide waren in der ersten Verfolgergruppe einer 6-k\u00f6pfigen Spitzengruppe vertreten, die bis zum Schluss nicht mehr eingeholt werden konnte.<\/p>\n<p>Inzings Betreuer <strong><em>Andreas Rudigier<\/em><\/strong> fuhr bei den Amateuren am Sa ebenfalls seine erste \u00d6M auf der Stra\u00dfe und sah prompt im Hauptfeld das Ziel! Gratuliere!<\/p>\n","protected":false},"excerpt":{"rendered":"<p>Fabian Morianz\u00a0 holt die Bronzemedaille bei der diesj\u00e4hrigen \u00d6M auf der Stra\u00dfe im nieder\u00f6sterreichischen Grafenbach! Bei ausgezeichneten \u00e4u\u00dferen Bedingungen (Sonne\/27 Grad) standen die Titelk\u00e4mpfe bei den Junioren ganz im Zeichen\u00a0 von 3 Tiroler Fahrern: Benjamin Brkic, Patrick Gamper und Fabian Morianz. Bereits in der 4. von insgesamt 20 Runden (120km) konnte sich Morianz mit 2&hellip;&nbsp;<a href=\"https:\/\/rad.asvi.at\/?p=4483\" class=\"\" rel=\"bookmark\">Weiterlesen &raquo;<span class=\"screen-reader-text\">\u00d6sterreichische Meisterschaft Stra\u00dfe \u2013 Grafenbach\/N\u00d6 \u2013 So 29.6.<\/span><\/a><\/p>\n","protected":false},"author":2,"featured_media":4485,"comment_status":"open","ping_status":"closed","sticky":false,"template":"","format":"standard","meta":{"neve_meta_sidebar":"","neve_meta_container":"","neve_meta_enable_content_width":"","neve_meta_content_width":0,"neve_meta_title_alignment":"","neve_meta_author_avatar":"","neve_post_elements_order":"","neve_meta_disable_header":"","neve_meta_disable_footer":"","neve_meta_disable_title":"","footnotes":""},"categories":[9,11],"tags":[],"class_list":["post-4483","post","type-post","status-publish","format-standard","has-post-thumbnail","hentry","category-allgemein","category-rennsport"],"featured_image_urls":{"full":"","thumbnail":"","medium":"","medium_large":"","large":"","xl":"","xxl":"","xxxl":"","xxxxl":"","xxxxxl":"","1536x1536":"","2048x2048":"","neve-blog":""},"post_excerpt_stackable":"<p>Fabian Morianz\u00a0 holt die Bronzemedaille bei der diesj\u00e4hrigen \u00d6M auf der Stra\u00dfe im nieder\u00f6sterreichischen Grafenbach! Bei ausgezeichneten \u00e4u\u00dferen Bedingungen (Sonne\/27 Grad) standen die Titelk\u00e4mpfe bei den Junioren ganz im Zeichen\u00a0 von 3 Tiroler Fahrern: Benjamin Brkic, Patrick Gamper und Fabian Morianz. Bereits in der 4. von insgesamt 20 Runden (120km) konnte sich Morianz mit 2 weiteren Fahrern vom Feld absetzen und in der Folge einen Vorsprung von 1 Minute herausfahren. 9 Runden vor Schluss schlossen 3 weitere Fahrer (darunter Brkic und Gamper) auf dieses Spitzentrio auf. Bei der darauffolgenden Tempoversch\u00e4rfung wurde diese Spitzengruppe dann aber wieder auf 4 Mann reduziert.&hellip;<\/p>\n","category_list":"<a href=\"https:\/\/rad.asvi.at\/?cat=9\" rel=\"category\">Allgemein<\/a>, <a href=\"https:\/\/rad.asvi.at\/?cat=11\" rel=\"category\">Rennsport<\/a>","author_info":{"name":"Roman","url":"https:\/\/rad.asvi.at\/?author=2"},"comments_num":"0 comments","_links":{"self":[{"href":"https:\/\/rad.asvi.at\/index.php?rest_route=\/wp\/v2\/posts\/4483","targetHints":{"allow":["GET"]}}],"collection":[{"href":"https:\/\/rad.asvi.at\/index.php?rest_route=\/wp\/v2\/posts"}],"about":[{"href":"https:\/\/rad.asvi.at\/index.php?rest_route=\/wp\/v2\/types\/post"}],"author":[{"embeddable":true,"href":"https:\/\/rad.asvi.at\/index.php?rest_route=\/wp\/v2\/users\/2"}],"replies":[{"embeddable":true,"href":"https:\/\/rad.asvi.at\/index.php?rest_route=%2Fwp%2Fv2%2Fcomments&post=4483"}],"version-history":[{"count":0,"href":"https:\/\/rad.asvi.at\/index.php?rest_route=\/wp\/v2\/posts\/4483\/revisions"}],"wp:featuredmedia":[{"embeddable":true,"href":"https:\/\/rad.asvi.at\/index.php?rest_route=\/"}],"wp:attachment":[{"href":"https:\/\/rad.asvi.at\/index.php?rest_route=%2Fwp%2Fv2%2Fmedia&parent=4483"}],"wp:term":[{"taxonomy":"category","embeddable":true,"href":"https:\/\/rad.asvi.at\/index.php?rest_route=%2Fwp%2Fv2%2Fcategories&post=4483"},{"taxonomy":"post_tag","embeddable":true,"href":"https:\/\/rad.asvi.at\/index.php?rest_route=%2Fwp%2Fv2%2Ftags&post=4483"}],"curies":[{"name":"wp","href":"https:\/\/api.w.org\/{rel}","templated":true}]}}