{"id":4497,"date":"2014-07-13T21:53:03","date_gmt":"2014-07-13T19:53:03","guid":{"rendered":"http:\/\/www.radclub-inzing.at\/?p=4497"},"modified":"2014-07-13T21:53:03","modified_gmt":"2014-07-13T19:53:03","slug":"mtb-cup-rennen-kichberg-und-solden","status":"publish","type":"post","link":"https:\/\/rad.asvi.at\/?p=4497","title":{"rendered":"MTB Cup Rennen Kichberg und S\u00f6lden"},"content":{"rendered":"<p>Lukas und Ramona Grie\u00dfer bestritten erfolgreich die beiden Cross Country in Kirchberg und S\u00f6lden. Beim, im Rahmen des Kitzalp Festivals stattfindende Rennens, in Kirchberg am 29.6.2014 erk\u00e4mpften sich Ramona den siebten Platz in der Kategorie U9 und Lukas den 23. Platz in der Kategorie U13. In S\u00f6lden am 13.7.2014 errang Ramona den sechsten Platz und Lukas den 14.ten Platz.<\/p>\n","protected":false},"excerpt":{"rendered":"<p>Lukas und Ramona Grie\u00dfer bestritten erfolgreich die beiden Cross Country in Kirchberg und S\u00f6lden. Beim, im Rahmen des Kitzalp Festivals stattfindende Rennens, in Kirchberg am 29.6.2014 erk\u00e4mpften sich Ramona den siebten Platz in der Kategorie U9 und Lukas den 23. Platz in der Kategorie U13. In S\u00f6lden am 13.7.2014 errang Ramona den sechsten Platz und&hellip;&nbsp;<a href=\"https:\/\/rad.asvi.at\/?p=4497\" class=\"\" rel=\"bookmark\">Weiterlesen &raquo;<span class=\"screen-reader-text\">MTB Cup Rennen Kichberg und S\u00f6lden<\/span><\/a><\/p>\n","protected":false},"author":2,"featured_media":0,"comment_status":"open","ping_status":"closed","sticky":false,"template":"","format":"standard","meta":{"neve_meta_sidebar":"","neve_meta_container":"","neve_meta_enable_content_width":"","neve_meta_content_width":0,"neve_meta_title_alignment":"","neve_meta_author_avatar":"","neve_post_elements_order":"","neve_meta_disable_header":"","neve_meta_disable_footer":"","neve_meta_disable_title":"","footnotes":""},"categories":[11],"tags":[],"class_list":["post-4497","post","type-post","status-publish","format-standard","hentry","category-rennsport"],"featured_image_urls":{"full":"","thumbnail":"","medium":"","medium_large":"","large":"","xl":"","xxl":"","xxxl":"","xxxxl":"","xxxxxl":"","1536x1536":"","2048x2048":"","neve-blog":""},"post_excerpt_stackable":"<p>Lukas und Ramona Grie\u00dfer bestritten erfolgreich die beiden Cross Country in Kirchberg und S\u00f6lden. Beim, im Rahmen des Kitzalp Festivals stattfindende Rennens, in Kirchberg am 29.6.2014 erk\u00e4mpften sich Ramona den siebten Platz in der Kategorie U9 und Lukas den 23. Platz in der Kategorie U13. In S\u00f6lden am 13.7.2014 errang Ramona den sechsten Platz und Lukas den 14.ten Platz.<\/p>\n","category_list":"<a href=\"https:\/\/rad.asvi.at\/?cat=11\" rel=\"category\">Rennsport<\/a>","author_info":{"name":"Roman","url":"https:\/\/rad.asvi.at\/?author=2"},"comments_num":"0 comments","_links":{"self":[{"href":"https:\/\/rad.asvi.at\/index.php?rest_route=\/wp\/v2\/posts\/4497","targetHints":{"allow":["GET"]}}],"collection":[{"href":"https:\/\/rad.asvi.at\/index.php?rest_route=\/wp\/v2\/posts"}],"about":[{"href":"https:\/\/rad.asvi.at\/index.php?rest_route=\/wp\/v2\/types\/post"}],"author":[{"embeddable":true,"href":"https:\/\/rad.asvi.at\/index.php?rest_route=\/wp\/v2\/users\/2"}],"replies":[{"embeddable":true,"href":"https:\/\/rad.asvi.at\/index.php?rest_route=%2Fwp%2Fv2%2Fcomments&post=4497"}],"version-history":[{"count":0,"href":"https:\/\/rad.asvi.at\/index.php?rest_route=\/wp\/v2\/posts\/4497\/revisions"}],"wp:attachment":[{"href":"https:\/\/rad.asvi.at\/index.php?rest_route=%2Fwp%2Fv2%2Fmedia&parent=4497"}],"wp:term":[{"taxonomy":"category","embeddable":true,"href":"https:\/\/rad.asvi.at\/index.php?rest_route=%2Fwp%2Fv2%2Fcategories&post=4497"},{"taxonomy":"post_tag","embeddable":true,"href":"https:\/\/rad.asvi.at\/index.php?rest_route=%2Fwp%2Fv2%2Ftags&post=4497"}],"curies":[{"name":"wp","href":"https:\/\/api.w.org\/{rel}","templated":true}]}}