{"id":4531,"date":"2014-07-22T20:28:01","date_gmt":"2014-07-22T18:28:01","guid":{"rendered":"http:\/\/www.radclub-inzing.at\/?p=4531"},"modified":"2014-07-22T20:28:01","modified_gmt":"2014-07-22T18:28:01","slug":"om-cross-country-schonwies-bichlirennen","status":"publish","type":"post","link":"https:\/\/rad.asvi.at\/?p=4531","title":{"rendered":"\u00d6M Cross Country Sch\u00f6nwies-Bichlirennen"},"content":{"rendered":"<p>Am ersten Tag, bei der heuer in Sch\u00f6nwies ausgetragenen \u00f6sterreichischen Meisterschaft im Cross Country und bei extremer Hitze von bis zu 35 Grad, standen Ramona und Lukas am Start. Ramona bew\u00e4ltigte ihr Rennen (4 Runden)<br \/>\ntapfer und kam als 7. ins Ziel. Lukas startete erst um 13.30 bei \u00e4rgster Hitze auf der langen Runde,<br \/>\ndie 4 mal bew\u00e4ltigt werden musste. Zum Abk\u00fchlen standen 2 Gartenduschen<br \/>\nam Steckenrand, die praktisch von jedem Fahrer gern durchfahren wurden. Lukas wurde<br \/>\nbei U 13 in der \u00d6M Wertung 14\u00a0 (17ter in der U13 Wertung).<\/p>\n<p>Am zweiten Tag, startet ich (Rudigier Andreas) um 10:00 in der Lizenzklasse Masters gemeinsam mit den Junioren und Juniorinnen in die Meisterschaft. Es mussten ingsesamt 5 Runden bew\u00e4ltigt werden. Die ersten drei Runden waren mit leichter Bew\u00f6lkung recht k\u00fchl, w\u00e4hrend der letzten zwei Runden kam jedoch die Sonne wieder raus und erhitzte das Renngeschehen zus\u00e4tzlich. Von Anfang an zogen die vor den Masters startenden Junioren ein geh\u00f6riges Tempo an. Der \u00d6tztaler und Titelverteidiger Marcel Gr\u00fcner hat von den Masters in den ersten Runden die besten Beine. Ich konnte jedoch gut folgen und errang sogar ab der zweiten Runde die F\u00fchrung in der Masters Wertung \u00fcbernehmen. Ab der vierten Runde \u00fcberholte mich bei dem langen Anstieg der K\u00e4rntner Karner und mir blieb nur ihn ziehen zu lassen. In der letzten Runde merkte ich dann die Strapazen des Rennens und das in Aussicht stehende Podium erzeugte bei mir eine leichte Nerv\u00f6sit\u00e4t. Dies lie\u00df mich bei der Abfahrt einige Fahrfehler machen. Beim letzten Gegenanstieg zog schlie\u00dflich noch ein Master an mir vorbei. Bei der letzten Abfahrt machte ich dann noch einige Fehler und rechnete schon mit Marcel Gr\u00fcner, der mich \u00fcberholen w\u00fcrde. Was ich da aber noch nicht wusste war, dass dieser einen Reifendefekt hatte. Also kam ich \u00fcbergl\u00fccklich mit dem dritten Platz in der Masterskategorie in das Ziel.<\/p>\n","protected":false},"excerpt":{"rendered":"<p>Am ersten Tag, bei der heuer in Sch\u00f6nwies ausgetragenen \u00f6sterreichischen Meisterschaft im Cross Country und bei extremer Hitze von bis zu 35 Grad, standen Ramona und Lukas am Start. Ramona bew\u00e4ltigte ihr Rennen (4 Runden) tapfer und kam als 7. ins Ziel. Lukas startete erst um 13.30 bei \u00e4rgster Hitze auf der langen Runde, die&hellip;&nbsp;<a href=\"https:\/\/rad.asvi.at\/?p=4531\" class=\"\" rel=\"bookmark\">Weiterlesen &raquo;<span class=\"screen-reader-text\">\u00d6M Cross Country Sch\u00f6nwies-Bichlirennen<\/span><\/a><\/p>\n","protected":false},"author":2,"featured_media":0,"comment_status":"open","ping_status":"closed","sticky":false,"template":"","format":"standard","meta":{"neve_meta_sidebar":"","neve_meta_container":"","neve_meta_enable_content_width":"","neve_meta_content_width":0,"neve_meta_title_alignment":"","neve_meta_author_avatar":"","neve_post_elements_order":"","neve_meta_disable_header":"","neve_meta_disable_footer":"","neve_meta_disable_title":"","footnotes":""},"categories":[9],"tags":[],"class_list":["post-4531","post","type-post","status-publish","format-standard","hentry","category-allgemein"],"featured_image_urls":{"full":"","thumbnail":"","medium":"","medium_large":"","large":"","xl":"","xxl":"","xxxl":"","xxxxl":"","xxxxxl":"","1536x1536":"","2048x2048":"","neve-blog":""},"post_excerpt_stackable":"<p>Am ersten Tag, bei der heuer in Sch\u00f6nwies ausgetragenen \u00f6sterreichischen Meisterschaft im Cross Country und bei extremer Hitze von bis zu 35 Grad, standen Ramona und Lukas am Start. Ramona bew\u00e4ltigte ihr Rennen (4 Runden) tapfer und kam als 7. ins Ziel. Lukas startete erst um 13.30 bei \u00e4rgster Hitze auf der langen Runde, die 4 mal bew\u00e4ltigt werden musste. Zum Abk\u00fchlen standen 2 Gartenduschen am Steckenrand, die praktisch von jedem Fahrer gern durchfahren wurden. Lukas wurde bei U 13 in der \u00d6M Wertung 14\u00a0 (17ter in der U13 Wertung). Am zweiten Tag, startet ich (Rudigier Andreas) um 10:00 in&hellip;<\/p>\n","category_list":"<a href=\"https:\/\/rad.asvi.at\/?cat=9\" rel=\"category\">Allgemein<\/a>","author_info":{"name":"Roman","url":"https:\/\/rad.asvi.at\/?author=2"},"comments_num":"0 comments","_links":{"self":[{"href":"https:\/\/rad.asvi.at\/index.php?rest_route=\/wp\/v2\/posts\/4531","targetHints":{"allow":["GET"]}}],"collection":[{"href":"https:\/\/rad.asvi.at\/index.php?rest_route=\/wp\/v2\/posts"}],"about":[{"href":"https:\/\/rad.asvi.at\/index.php?rest_route=\/wp\/v2\/types\/post"}],"author":[{"embeddable":true,"href":"https:\/\/rad.asvi.at\/index.php?rest_route=\/wp\/v2\/users\/2"}],"replies":[{"embeddable":true,"href":"https:\/\/rad.asvi.at\/index.php?rest_route=%2Fwp%2Fv2%2Fcomments&post=4531"}],"version-history":[{"count":0,"href":"https:\/\/rad.asvi.at\/index.php?rest_route=\/wp\/v2\/posts\/4531\/revisions"}],"wp:attachment":[{"href":"https:\/\/rad.asvi.at\/index.php?rest_route=%2Fwp%2Fv2%2Fmedia&parent=4531"}],"wp:term":[{"taxonomy":"category","embeddable":true,"href":"https:\/\/rad.asvi.at\/index.php?rest_route=%2Fwp%2Fv2%2Fcategories&post=4531"},{"taxonomy":"post_tag","embeddable":true,"href":"https:\/\/rad.asvi.at\/index.php?rest_route=%2Fwp%2Fv2%2Ftags&post=4531"}],"curies":[{"name":"wp","href":"https:\/\/api.w.org\/{rel}","templated":true}]}}