{"id":4546,"date":"2014-07-30T21:11:11","date_gmt":"2014-07-30T19:11:11","guid":{"rendered":"http:\/\/www.radclub-inzing.at\/?p=4546"},"modified":"2014-07-30T21:11:11","modified_gmt":"2014-07-30T19:11:11","slug":"5-ausfahrt-romerstrase-stiglreith","status":"publish","type":"post","link":"https:\/\/rad.asvi.at\/?p=4546","title":{"rendered":"5. Ausfahrt R\u00f6merstra\u00dfe &#8211; Stiglreith"},"content":{"rendered":"<p>Da\u00a0das Wetter es \u00a0wieder einmal nicht zulie\u00df, dass wir die Fahrt nach Vent im \u00d6tztal bzw.<br \/>\nzu den Rofenh\u00f6fen durchf\u00fchren konnten, planten wir die Strecke kurzerhand um.<br \/>\nBei eventuell eintretenden\u00a0Regen waren wir dadurch\u00a0nicht weit von zu Hause entfernt.<br \/>\nDie Streckenf\u00fchrung war wie folgt:<br \/>\nInzing-Innsbruck-Igls-R\u00f6merstra\u00dfe-Natters-Grinzens-Oberperfu\u00df-Stiglreith-Inzing<\/p>\n<p>Datum: 26.07.2014 Teilnehmer 5 Personen \/ 100 km\u00a0 \/ HM 1866<\/p>\n","protected":false},"excerpt":{"rendered":"<p>Da\u00a0das Wetter es \u00a0wieder einmal nicht zulie\u00df, dass wir die Fahrt nach Vent im \u00d6tztal bzw. zu den Rofenh\u00f6fen durchf\u00fchren konnten, planten wir die Strecke kurzerhand um. Bei eventuell eintretenden\u00a0Regen waren wir dadurch\u00a0nicht weit von zu Hause entfernt. Die Streckenf\u00fchrung war wie folgt: Inzing-Innsbruck-Igls-R\u00f6merstra\u00dfe-Natters-Grinzens-Oberperfu\u00df-Stiglreith-Inzing Datum: 26.07.2014 Teilnehmer 5 Personen \/ 100 km\u00a0 \/ HM 1866<\/p>\n","protected":false},"author":2,"featured_media":4551,"comment_status":"open","ping_status":"closed","sticky":false,"template":"","format":"standard","meta":{"neve_meta_sidebar":"","neve_meta_container":"","neve_meta_enable_content_width":"","neve_meta_content_width":0,"neve_meta_title_alignment":"","neve_meta_author_avatar":"","neve_post_elements_order":"","neve_meta_disable_header":"","neve_meta_disable_footer":"","neve_meta_disable_title":"","footnotes":""},"categories":[9,10],"tags":[],"class_list":["post-4546","post","type-post","status-publish","format-standard","has-post-thumbnail","hentry","category-allgemein","category-hobbysport"],"featured_image_urls":{"full":"","thumbnail":"","medium":"","medium_large":"","large":"","xl":"","xxl":"","xxxl":"","xxxxl":"","xxxxxl":"","1536x1536":"","2048x2048":"","neve-blog":""},"post_excerpt_stackable":"<p>Da\u00a0das Wetter es \u00a0wieder einmal nicht zulie\u00df, dass wir die Fahrt nach Vent im \u00d6tztal bzw. zu den Rofenh\u00f6fen durchf\u00fchren konnten, planten wir die Strecke kurzerhand um. Bei eventuell eintretenden\u00a0Regen waren wir dadurch\u00a0nicht weit von zu Hause entfernt. Die Streckenf\u00fchrung war wie folgt: Inzing-Innsbruck-Igls-R\u00f6merstra\u00dfe-Natters-Grinzens-Oberperfu\u00df-Stiglreith-Inzing Datum: 26.07.2014 Teilnehmer 5 Personen \/ 100 km\u00a0 \/ HM 1866<\/p>\n","category_list":"<a href=\"https:\/\/rad.asvi.at\/?cat=9\" rel=\"category\">Allgemein<\/a>, <a href=\"https:\/\/rad.asvi.at\/?cat=10\" rel=\"category\">Hobbysport<\/a>","author_info":{"name":"Roman","url":"https:\/\/rad.asvi.at\/?author=2"},"comments_num":"0 comments","_links":{"self":[{"href":"https:\/\/rad.asvi.at\/index.php?rest_route=\/wp\/v2\/posts\/4546","targetHints":{"allow":["GET"]}}],"collection":[{"href":"https:\/\/rad.asvi.at\/index.php?rest_route=\/wp\/v2\/posts"}],"about":[{"href":"https:\/\/rad.asvi.at\/index.php?rest_route=\/wp\/v2\/types\/post"}],"author":[{"embeddable":true,"href":"https:\/\/rad.asvi.at\/index.php?rest_route=\/wp\/v2\/users\/2"}],"replies":[{"embeddable":true,"href":"https:\/\/rad.asvi.at\/index.php?rest_route=%2Fwp%2Fv2%2Fcomments&post=4546"}],"version-history":[{"count":0,"href":"https:\/\/rad.asvi.at\/index.php?rest_route=\/wp\/v2\/posts\/4546\/revisions"}],"wp:featuredmedia":[{"embeddable":true,"href":"https:\/\/rad.asvi.at\/index.php?rest_route=\/"}],"wp:attachment":[{"href":"https:\/\/rad.asvi.at\/index.php?rest_route=%2Fwp%2Fv2%2Fmedia&parent=4546"}],"wp:term":[{"taxonomy":"category","embeddable":true,"href":"https:\/\/rad.asvi.at\/index.php?rest_route=%2Fwp%2Fv2%2Fcategories&post=4546"},{"taxonomy":"post_tag","embeddable":true,"href":"https:\/\/rad.asvi.at\/index.php?rest_route=%2Fwp%2Fv2%2Ftags&post=4546"}],"curies":[{"name":"wp","href":"https:\/\/api.w.org\/{rel}","templated":true}]}}