{"id":4635,"date":"2014-08-12T00:34:06","date_gmt":"2014-08-11T22:34:06","guid":{"rendered":"http:\/\/www.radclub-inzing.at\/?p=4635"},"modified":"2014-08-12T00:34:06","modified_gmt":"2014-08-11T22:34:06","slug":"6-ausfahrt-groswalsertal","status":"publish","type":"post","link":"https:\/\/rad.asvi.at\/?p=4635","title":{"rendered":"6. Ausfahrt Gro\u00dfwalsertal"},"content":{"rendered":"<p>Nach zwei abgesagten Ausfahrten (das liebe Wetter spielte nicht mit) war es endlich soweit!<br \/>\nZw\u00f6lf\u00a0Teilnehmer\u00a0&#8211; darunter\u00a0vier\u00a0mutige\u00a0Damen &#8211; nahmen die schwierige aber landschaftlich wundersch\u00f6ne<br \/>\nRadtour auf sich. Um 9 Uhr starteten wir vom Parkplatz Alpe Rauz in Richtung Bludenz.<br \/>\nWeiter Stationen der Tour waren:<br \/>\nBludenz &#8211; Raggal &#8211; Fontanella &#8211; Faschinajoch 1486m &#8211; Au -Schoppenau &#8211; Hochtannbergpass 1675m<br \/>\n&#8211; Lech &#8211; Flexenpass 1773m &#8211; Alpe Rauz<\/p>\n<p>Bei zur\u00fcckgelegten 2560 ! H\u00f6henmetern kann man die\u00a0Leistung der vier Damen (Barbara,\u00a0Silvia,\u00a0Marlies und\u00a0Maria)<br \/>\nals grandios bezeichnen !!<\/p>\n<p>Datum: 10.8.2014 \/ Km 114 \/ Hm 2560 \/ 12 Teilnehmer<\/p>\n<p>p.s.\u00a0 Die\u00a0letzte Ausfahrt f\u00fchrt uns\u00a0nach S\u00fcdtirol. Es w\u00e4re sch\u00f6n, wenn auch <strong>Du<\/strong> dabei w\u00e4rst!<\/p>\n<p>&nbsp;<\/p>\n<p>&nbsp;<\/p>\n","protected":false},"excerpt":{"rendered":"<p>Nach zwei abgesagten Ausfahrten (das liebe Wetter spielte nicht mit) war es endlich soweit! Zw\u00f6lf\u00a0Teilnehmer\u00a0&#8211; darunter\u00a0vier\u00a0mutige\u00a0Damen &#8211; nahmen die schwierige aber landschaftlich wundersch\u00f6ne Radtour auf sich. Um 9 Uhr starteten wir vom Parkplatz Alpe Rauz in Richtung Bludenz. Weiter Stationen der Tour waren: Bludenz &#8211; Raggal &#8211; Fontanella &#8211; Faschinajoch 1486m &#8211; Au -Schoppenau &#8211;&hellip;&nbsp;<a href=\"https:\/\/rad.asvi.at\/?p=4635\" class=\"\" rel=\"bookmark\">Weiterlesen &raquo;<span class=\"screen-reader-text\">6. Ausfahrt Gro\u00dfwalsertal<\/span><\/a><\/p>\n","protected":false},"author":2,"featured_media":4689,"comment_status":"open","ping_status":"closed","sticky":false,"template":"","format":"standard","meta":{"neve_meta_sidebar":"","neve_meta_container":"","neve_meta_enable_content_width":"","neve_meta_content_width":0,"neve_meta_title_alignment":"","neve_meta_author_avatar":"","neve_post_elements_order":"","neve_meta_disable_header":"","neve_meta_disable_footer":"","neve_meta_disable_title":"","footnotes":""},"categories":[9,10],"tags":[],"class_list":["post-4635","post","type-post","status-publish","format-standard","has-post-thumbnail","hentry","category-allgemein","category-hobbysport"],"featured_image_urls":{"full":"","thumbnail":"","medium":"","medium_large":"","large":"","xl":"","xxl":"","xxxl":"","xxxxl":"","xxxxxl":"","1536x1536":"","2048x2048":"","neve-blog":""},"post_excerpt_stackable":"<p>Nach zwei abgesagten Ausfahrten (das liebe Wetter spielte nicht mit) war es endlich soweit! Zw\u00f6lf\u00a0Teilnehmer\u00a0&#8211; darunter\u00a0vier\u00a0mutige\u00a0Damen &#8211; nahmen die schwierige aber landschaftlich wundersch\u00f6ne Radtour auf sich. Um 9 Uhr starteten wir vom Parkplatz Alpe Rauz in Richtung Bludenz. Weiter Stationen der Tour waren: Bludenz &#8211; Raggal &#8211; Fontanella &#8211; Faschinajoch 1486m &#8211; Au -Schoppenau &#8211; Hochtannbergpass 1675m &#8211; Lech &#8211; Flexenpass 1773m &#8211; Alpe Rauz Bei zur\u00fcckgelegten 2560 ! H\u00f6henmetern kann man die\u00a0Leistung der vier Damen (Barbara,\u00a0Silvia,\u00a0Marlies und\u00a0Maria) als grandios bezeichnen !! Datum: 10.8.2014 \/ Km 114 \/ Hm 2560 \/ 12 Teilnehmer p.s.\u00a0 Die\u00a0letzte Ausfahrt f\u00fchrt uns\u00a0nach S\u00fcdtirol. Es&hellip;<\/p>\n","category_list":"<a href=\"https:\/\/rad.asvi.at\/?cat=9\" rel=\"category\">Allgemein<\/a>, <a href=\"https:\/\/rad.asvi.at\/?cat=10\" rel=\"category\">Hobbysport<\/a>","author_info":{"name":"Roman","url":"https:\/\/rad.asvi.at\/?author=2"},"comments_num":"0 comments","_links":{"self":[{"href":"https:\/\/rad.asvi.at\/index.php?rest_route=\/wp\/v2\/posts\/4635","targetHints":{"allow":["GET"]}}],"collection":[{"href":"https:\/\/rad.asvi.at\/index.php?rest_route=\/wp\/v2\/posts"}],"about":[{"href":"https:\/\/rad.asvi.at\/index.php?rest_route=\/wp\/v2\/types\/post"}],"author":[{"embeddable":true,"href":"https:\/\/rad.asvi.at\/index.php?rest_route=\/wp\/v2\/users\/2"}],"replies":[{"embeddable":true,"href":"https:\/\/rad.asvi.at\/index.php?rest_route=%2Fwp%2Fv2%2Fcomments&post=4635"}],"version-history":[{"count":0,"href":"https:\/\/rad.asvi.at\/index.php?rest_route=\/wp\/v2\/posts\/4635\/revisions"}],"wp:featuredmedia":[{"embeddable":true,"href":"https:\/\/rad.asvi.at\/index.php?rest_route=\/"}],"wp:attachment":[{"href":"https:\/\/rad.asvi.at\/index.php?rest_route=%2Fwp%2Fv2%2Fmedia&parent=4635"}],"wp:term":[{"taxonomy":"category","embeddable":true,"href":"https:\/\/rad.asvi.at\/index.php?rest_route=%2Fwp%2Fv2%2Fcategories&post=4635"},{"taxonomy":"post_tag","embeddable":true,"href":"https:\/\/rad.asvi.at\/index.php?rest_route=%2Fwp%2Fv2%2Ftags&post=4635"}],"curies":[{"name":"wp","href":"https:\/\/api.w.org\/{rel}","templated":true}]}}