{"id":4695,"date":"2014-08-25T23:06:29","date_gmt":"2014-08-25T21:06:29","guid":{"rendered":"http:\/\/www.radclub-inzing.at\/?p=4695"},"modified":"2014-08-25T23:06:29","modified_gmt":"2014-08-25T21:06:29","slug":"stiglreith-trophy-und-arlberger-bikemarathon","status":"publish","type":"post","link":"https:\/\/rad.asvi.at\/?p=4695","title":{"rendered":"Stiglreith-Trophy und Arlberger Bikemarathon"},"content":{"rendered":"<p>Am Freitag 22.08. standen Fabio Haslwanter und ich (Andreas Rudigier) bei der f\u00fcnften Stiglreith Trophy am Start. Das Rennen war wirklich toll organisiert und das Wetter spielte auch mit. Der angek\u00fcndigte Regen war schon vom Veranstalter mit Tee im Zielbereich eingeplant, doch der blieb zum Gl\u00fcck aus. Und so erfolgte der Start kurz nach 18:00 bei besten Bedingungen. Der Rennverlauf war frei von Taktik-Spielchen und das Tempo war von Anfang an sehr hoch. Sehr schnell setzte sich Christoph Schl\u00f6gl mit Alexander Egger im Schlepptau ab. Es folgten Edgar Sch\u00fctz, Martin Fritz und ich. Zu Ende des Rennens wurden Martin Fritz und ich noch von einer Gruppe um Bernhard Haller \u00fcberholt. So kam ich als Achter (Zweiter in der Klasse M1) mit der Zeit von 22:23 ins Ziel. Fabio Haslwanter konnte ein super Zeit von 25:22 ins Ziel bringen und wurde Dritter in der Klasse Jugend (Gesamt 31.).<\/p>\n<p>Am Samstag 23.08. stand f\u00fcr mich als geb\u00fcrtiger Flirscher das Heimrennen, der Arlberger Bikemarathon, am Programm. Wie in letzter Zeit h\u00e4ufig blieb zum Gl\u00fcck der von den Meterologen prognostizierte Regen aus und es zeigte sich im Rennverlauf sogar zaghafte Sonnenstrahlen. Der Start erfolgte um 10 Uhr neutralisiert durch St. Anton. Richtig zur Sache ging es dann beim ersten Anstieg auf die Putzen Alm. Ich konnte leider dem Tempo der Spitzengruppe rund um Daniel Rubisoer und Andreas Traxl nicht folgen und suchte meinen eigenen Rythmus. Beim zweiten Anstieg konnte ich mich langsam wieder an die vor mir liegenden Mitstreitern heranarbeiten. Ins Verwall ging es dann in einer richtig guten F\u00fcnfer-Gruppe rund um Martin F\u00f6ger und Robert Berger. Beim Anstieg im Sattelwald zog dann F\u00f6ger das Tempo an und nur Gathofer konnte folgen. Die restlichen Zwei der Gruppe zogen auch an und es entstand eine L\u00fccke vor mir. Somit lag ich an Achter Stelle. Bei der vorletzten Abfahrt riskierte ich leider in einer Kurve zuviel und flog \u00fcber den Lenker an Felsen vorbei in einen Wassergraben. Der Sturz war bis auf eine stark blutende Wunde auf der rechten Hand glimpflich verlaufen. Leider hatte ich einen Vorderrad-Defekt. Mit der blutenden Hand wollte ich nicht den Defekt beheben und deshalb lief ich die zehn Minuten bis zum n\u00e4chsten Rot Kreuz Team auf der Strecke. Diese versorgten meine Wunde schnell und professionell. Sodass ich mich dem Vorderrad widmen und die letzte Abfahrt ins Ziel in Angriff nehmen konnte. Wo knapp vor mir, wie jedes Mal bei diesem Bewerb, ein Teilnehmer in einer t\u00fcckischen Kurve von der Strecke flog. Zwei Wanderer waren schon zur Stelle und so konnte ich mein Rennen als 41ter abschlie\u00dfen.<\/p>\n","protected":false},"excerpt":{"rendered":"<p>Am Freitag 22.08. standen Fabio Haslwanter und ich (Andreas Rudigier) bei der f\u00fcnften Stiglreith Trophy am Start. Das Rennen war wirklich toll organisiert und das Wetter spielte auch mit. Der angek\u00fcndigte Regen war schon vom Veranstalter mit Tee im Zielbereich eingeplant, doch der blieb zum Gl\u00fcck aus. Und so erfolgte der Start kurz nach 18:00&hellip;&nbsp;<a href=\"https:\/\/rad.asvi.at\/?p=4695\" class=\"\" rel=\"bookmark\">Weiterlesen &raquo;<span class=\"screen-reader-text\">Stiglreith-Trophy und Arlberger Bikemarathon<\/span><\/a><\/p>\n","protected":false},"author":2,"featured_media":0,"comment_status":"open","ping_status":"closed","sticky":false,"template":"","format":"standard","meta":{"neve_meta_sidebar":"","neve_meta_container":"","neve_meta_enable_content_width":"","neve_meta_content_width":0,"neve_meta_title_alignment":"","neve_meta_author_avatar":"","neve_post_elements_order":"","neve_meta_disable_header":"","neve_meta_disable_footer":"","neve_meta_disable_title":"","footnotes":""},"categories":[11],"tags":[],"class_list":["post-4695","post","type-post","status-publish","format-standard","hentry","category-rennsport"],"featured_image_urls":{"full":"","thumbnail":"","medium":"","medium_large":"","large":"","xl":"","xxl":"","xxxl":"","xxxxl":"","xxxxxl":"","1536x1536":"","2048x2048":"","neve-blog":""},"post_excerpt_stackable":"<p>Am Freitag 22.08. standen Fabio Haslwanter und ich (Andreas Rudigier) bei der f\u00fcnften Stiglreith Trophy am Start. Das Rennen war wirklich toll organisiert und das Wetter spielte auch mit. Der angek\u00fcndigte Regen war schon vom Veranstalter mit Tee im Zielbereich eingeplant, doch der blieb zum Gl\u00fcck aus. Und so erfolgte der Start kurz nach 18:00 bei besten Bedingungen. Der Rennverlauf war frei von Taktik-Spielchen und das Tempo war von Anfang an sehr hoch. Sehr schnell setzte sich Christoph Schl\u00f6gl mit Alexander Egger im Schlepptau ab. Es folgten Edgar Sch\u00fctz, Martin Fritz und ich. Zu Ende des Rennens wurden Martin Fritz&hellip;<\/p>\n","category_list":"<a href=\"https:\/\/rad.asvi.at\/?cat=11\" rel=\"category\">Rennsport<\/a>","author_info":{"name":"Roman","url":"https:\/\/rad.asvi.at\/?author=2"},"comments_num":"0 comments","_links":{"self":[{"href":"https:\/\/rad.asvi.at\/index.php?rest_route=\/wp\/v2\/posts\/4695","targetHints":{"allow":["GET"]}}],"collection":[{"href":"https:\/\/rad.asvi.at\/index.php?rest_route=\/wp\/v2\/posts"}],"about":[{"href":"https:\/\/rad.asvi.at\/index.php?rest_route=\/wp\/v2\/types\/post"}],"author":[{"embeddable":true,"href":"https:\/\/rad.asvi.at\/index.php?rest_route=\/wp\/v2\/users\/2"}],"replies":[{"embeddable":true,"href":"https:\/\/rad.asvi.at\/index.php?rest_route=%2Fwp%2Fv2%2Fcomments&post=4695"}],"version-history":[{"count":0,"href":"https:\/\/rad.asvi.at\/index.php?rest_route=\/wp\/v2\/posts\/4695\/revisions"}],"wp:attachment":[{"href":"https:\/\/rad.asvi.at\/index.php?rest_route=%2Fwp%2Fv2%2Fmedia&parent=4695"}],"wp:term":[{"taxonomy":"category","embeddable":true,"href":"https:\/\/rad.asvi.at\/index.php?rest_route=%2Fwp%2Fv2%2Fcategories&post=4695"},{"taxonomy":"post_tag","embeddable":true,"href":"https:\/\/rad.asvi.at\/index.php?rest_route=%2Fwp%2Fv2%2Ftags&post=4695"}],"curies":[{"name":"wp","href":"https:\/\/api.w.org\/{rel}","templated":true}]}}