{"id":4698,"date":"2014-08-25T23:34:28","date_gmt":"2014-08-25T21:34:28","guid":{"rendered":"http:\/\/www.radclub-inzing.at\/?p=4698"},"modified":"2014-08-25T23:34:28","modified_gmt":"2014-08-25T21:34:28","slug":"7-ausfahrt-dolomiten","status":"publish","type":"post","link":"https:\/\/rad.asvi.at\/?p=4698","title":{"rendered":"7. Ausfahrt Dolomiten"},"content":{"rendered":"<p>Bei str\u00f6menden Regen trafen wir uns in Inzing! Keiner konnte sich vorstellen, dass das Wetter<br \/>\nim sch\u00f6nen S\u00fcdtirol besser sein sollte. Aber kaum \u00fcber den Brenner &#8211; und der Himmel zeigte sich<br \/>\nvon der besten Seite. Das Panorama der Dolomiten, die schon leicht an den Spitzen\u00a0mit Schnee\u00a0bedeckt waren,<br \/>\nfaszinierte uns.<\/p>\n<p>Es wurden zwei Touren angeboten.\u00a0Eine\u00a0leichte !? und eine\u00a0schwerere !?<br \/>\nDatum: 24.08.2014 \/ Teilnehmer: 16 Personen<br \/>\nRoute 1: Kilometer 88 \/ H\u00f6henmeter 2516<br \/>\nRoute 2: Kilometer 68\/ H\u00f6henmeter 1929<\/p>\n","protected":false},"excerpt":{"rendered":"<p>Bei str\u00f6menden Regen trafen wir uns in Inzing! Keiner konnte sich vorstellen, dass das Wetter im sch\u00f6nen S\u00fcdtirol besser sein sollte. Aber kaum \u00fcber den Brenner &#8211; und der Himmel zeigte sich von der besten Seite. Das Panorama der Dolomiten, die schon leicht an den Spitzen\u00a0mit Schnee\u00a0bedeckt waren, faszinierte uns. Es wurden zwei Touren angeboten.\u00a0Eine\u00a0leichte&hellip;&nbsp;<a href=\"https:\/\/rad.asvi.at\/?p=4698\" class=\"\" rel=\"bookmark\">Weiterlesen &raquo;<span class=\"screen-reader-text\">7. Ausfahrt Dolomiten<\/span><\/a><\/p>\n","protected":false},"author":2,"featured_media":4732,"comment_status":"open","ping_status":"closed","sticky":false,"template":"","format":"standard","meta":{"neve_meta_sidebar":"","neve_meta_container":"","neve_meta_enable_content_width":"","neve_meta_content_width":0,"neve_meta_title_alignment":"","neve_meta_author_avatar":"","neve_post_elements_order":"","neve_meta_disable_header":"","neve_meta_disable_footer":"","neve_meta_disable_title":"","footnotes":""},"categories":[9,10],"tags":[],"class_list":["post-4698","post","type-post","status-publish","format-standard","has-post-thumbnail","hentry","category-allgemein","category-hobbysport"],"featured_image_urls":{"full":"","thumbnail":"","medium":"","medium_large":"","large":"","xl":"","xxl":"","xxxl":"","xxxxl":"","xxxxxl":"","1536x1536":"","2048x2048":"","neve-blog":""},"post_excerpt_stackable":"<p>Bei str\u00f6menden Regen trafen wir uns in Inzing! Keiner konnte sich vorstellen, dass das Wetter im sch\u00f6nen S\u00fcdtirol besser sein sollte. Aber kaum \u00fcber den Brenner &#8211; und der Himmel zeigte sich von der besten Seite. Das Panorama der Dolomiten, die schon leicht an den Spitzen\u00a0mit Schnee\u00a0bedeckt waren, faszinierte uns. Es wurden zwei Touren angeboten.\u00a0Eine\u00a0leichte !? und eine\u00a0schwerere !? Datum: 24.08.2014 \/ Teilnehmer: 16 Personen Route 1: Kilometer 88 \/ H\u00f6henmeter 2516 Route 2: Kilometer 68\/ H\u00f6henmeter 1929<\/p>\n","category_list":"<a href=\"https:\/\/rad.asvi.at\/?cat=9\" rel=\"category\">Allgemein<\/a>, <a href=\"https:\/\/rad.asvi.at\/?cat=10\" rel=\"category\">Hobbysport<\/a>","author_info":{"name":"Roman","url":"https:\/\/rad.asvi.at\/?author=2"},"comments_num":"0 comments","_links":{"self":[{"href":"https:\/\/rad.asvi.at\/index.php?rest_route=\/wp\/v2\/posts\/4698","targetHints":{"allow":["GET"]}}],"collection":[{"href":"https:\/\/rad.asvi.at\/index.php?rest_route=\/wp\/v2\/posts"}],"about":[{"href":"https:\/\/rad.asvi.at\/index.php?rest_route=\/wp\/v2\/types\/post"}],"author":[{"embeddable":true,"href":"https:\/\/rad.asvi.at\/index.php?rest_route=\/wp\/v2\/users\/2"}],"replies":[{"embeddable":true,"href":"https:\/\/rad.asvi.at\/index.php?rest_route=%2Fwp%2Fv2%2Fcomments&post=4698"}],"version-history":[{"count":0,"href":"https:\/\/rad.asvi.at\/index.php?rest_route=\/wp\/v2\/posts\/4698\/revisions"}],"wp:featuredmedia":[{"embeddable":true,"href":"https:\/\/rad.asvi.at\/index.php?rest_route=\/"}],"wp:attachment":[{"href":"https:\/\/rad.asvi.at\/index.php?rest_route=%2Fwp%2Fv2%2Fmedia&parent=4698"}],"wp:term":[{"taxonomy":"category","embeddable":true,"href":"https:\/\/rad.asvi.at\/index.php?rest_route=%2Fwp%2Fv2%2Fcategories&post=4698"},{"taxonomy":"post_tag","embeddable":true,"href":"https:\/\/rad.asvi.at\/index.php?rest_route=%2Fwp%2Fv2%2Ftags&post=4698"}],"curies":[{"name":"wp","href":"https:\/\/api.w.org\/{rel}","templated":true}]}}