{"id":4773,"date":"2014-09-03T21:37:13","date_gmt":"2014-09-03T19:37:13","guid":{"rendered":"http:\/\/www.radclub-inzing.at\/?p=4773"},"modified":"2014-09-03T21:37:13","modified_gmt":"2014-09-03T19:37:13","slug":"otztaler-radmarathon","status":"publish","type":"post","link":"https:\/\/rad.asvi.at\/?p=4773","title":{"rendered":"\u00d6tztaler Radmarathon"},"content":{"rendered":"<p>Wir hatten einen Traum &#8230;. wir\u00a0 wollen wieder beim \u00d6tztaler starten !<br \/>\nMehr als 4000\u00a0Radler waren\u00a0am Start.<br \/>\nWolken, Wolken, Wolken. Wir hofften vor allem, dass uns das Wetter nicht im Stich l\u00e4sst.<br \/>\nSp\u00e4testens aber in Moos Richtung Timmelsjoch fing es an aus allen Wolken zu regnen.<br \/>\nEs gab kein zur\u00fcck mehr ! &#8211; durchn\u00e4sst und schlotternd vor K\u00e4lte erreichten wir \u00fcbergl\u00fccklich das<br \/>\nZiel !!<\/p>\n<p>Teilnehmer: Martin, Peter, Max und Ulli<br \/>\nFahrzeit: 10:36:22<\/p>\n<p>&nbsp;<\/p>\n<p>&nbsp;<\/p>\n","protected":false},"excerpt":{"rendered":"<p>Wir hatten einen Traum &#8230;. wir\u00a0 wollen wieder beim \u00d6tztaler starten ! Mehr als 4000\u00a0Radler waren\u00a0am Start. Wolken, Wolken, Wolken. Wir hofften vor allem, dass uns das Wetter nicht im Stich l\u00e4sst. Sp\u00e4testens aber in Moos Richtung Timmelsjoch fing es an aus allen Wolken zu regnen. Es gab kein zur\u00fcck mehr ! &#8211; durchn\u00e4sst und&hellip;&nbsp;<a href=\"https:\/\/rad.asvi.at\/?p=4773\" class=\"\" rel=\"bookmark\">Weiterlesen &raquo;<span class=\"screen-reader-text\">\u00d6tztaler Radmarathon<\/span><\/a><\/p>\n","protected":false},"author":2,"featured_media":4777,"comment_status":"open","ping_status":"closed","sticky":false,"template":"","format":"standard","meta":{"neve_meta_sidebar":"","neve_meta_container":"","neve_meta_enable_content_width":"","neve_meta_content_width":0,"neve_meta_title_alignment":"","neve_meta_author_avatar":"","neve_post_elements_order":"","neve_meta_disable_header":"","neve_meta_disable_footer":"","neve_meta_disable_title":"","footnotes":""},"categories":[9,10],"tags":[],"class_list":["post-4773","post","type-post","status-publish","format-standard","has-post-thumbnail","hentry","category-allgemein","category-hobbysport"],"featured_image_urls":{"full":"","thumbnail":"","medium":"","medium_large":"","large":"","xl":"","xxl":"","xxxl":"","xxxxl":"","xxxxxl":"","1536x1536":"","2048x2048":"","neve-blog":""},"post_excerpt_stackable":"<p>Wir hatten einen Traum &#8230;. wir\u00a0 wollen wieder beim \u00d6tztaler starten ! Mehr als 4000\u00a0Radler waren\u00a0am Start. Wolken, Wolken, Wolken. Wir hofften vor allem, dass uns das Wetter nicht im Stich l\u00e4sst. Sp\u00e4testens aber in Moos Richtung Timmelsjoch fing es an aus allen Wolken zu regnen. Es gab kein zur\u00fcck mehr ! &#8211; durchn\u00e4sst und schlotternd vor K\u00e4lte erreichten wir \u00fcbergl\u00fccklich das Ziel !! Teilnehmer: Martin, Peter, Max und Ulli Fahrzeit: 10:36:22 &nbsp; &nbsp;<\/p>\n","category_list":"<a href=\"https:\/\/rad.asvi.at\/?cat=9\" rel=\"category\">Allgemein<\/a>, <a href=\"https:\/\/rad.asvi.at\/?cat=10\" rel=\"category\">Hobbysport<\/a>","author_info":{"name":"Roman","url":"https:\/\/rad.asvi.at\/?author=2"},"comments_num":"0 comments","_links":{"self":[{"href":"https:\/\/rad.asvi.at\/index.php?rest_route=\/wp\/v2\/posts\/4773","targetHints":{"allow":["GET"]}}],"collection":[{"href":"https:\/\/rad.asvi.at\/index.php?rest_route=\/wp\/v2\/posts"}],"about":[{"href":"https:\/\/rad.asvi.at\/index.php?rest_route=\/wp\/v2\/types\/post"}],"author":[{"embeddable":true,"href":"https:\/\/rad.asvi.at\/index.php?rest_route=\/wp\/v2\/users\/2"}],"replies":[{"embeddable":true,"href":"https:\/\/rad.asvi.at\/index.php?rest_route=%2Fwp%2Fv2%2Fcomments&post=4773"}],"version-history":[{"count":0,"href":"https:\/\/rad.asvi.at\/index.php?rest_route=\/wp\/v2\/posts\/4773\/revisions"}],"wp:featuredmedia":[{"embeddable":true,"href":"https:\/\/rad.asvi.at\/index.php?rest_route=\/"}],"wp:attachment":[{"href":"https:\/\/rad.asvi.at\/index.php?rest_route=%2Fwp%2Fv2%2Fmedia&parent=4773"}],"wp:term":[{"taxonomy":"category","embeddable":true,"href":"https:\/\/rad.asvi.at\/index.php?rest_route=%2Fwp%2Fv2%2Fcategories&post=4773"},{"taxonomy":"post_tag","embeddable":true,"href":"https:\/\/rad.asvi.at\/index.php?rest_route=%2Fwp%2Fv2%2Ftags&post=4773"}],"curies":[{"name":"wp","href":"https:\/\/api.w.org\/{rel}","templated":true}]}}